{"id":2107,"date":"2020-02-06T09:11:57","date_gmt":"2020-02-06T08:11:57","guid":{"rendered":"http:\/\/agora.xtec.cat\/escolamestralvilanova\/?p=2107"},"modified":"2020-02-07T17:30:53","modified_gmt":"2020-02-07T16:30:53","slug":"fem-una-exposicio-del-nostre-projecte","status":"publish","type":"post","link":"https:\/\/agora.xtec.cat\/escolamestralvilanova\/portada\/fem-una-exposicio-del-nostre-projecte\/","title":{"rendered":"FEM UNA EXPOSICI\u00d3 DEL NOSTRE PROJECTE!"},"content":{"rendered":"<p>El dimarts per la tarda, els nens i nens de cinqu\u00e8 vam realitzar una exposici\u00f3 a les fam\u00edlies del nostre projecte LA HIST\u00d2RIA DEL NOSTRE POBLE I LA NOSTRA ESCOLA!<\/p>\n<p>A partir d&#8217;un treball cooperatiu, al llarg del primer trimestre, hem estat fent una investigaci\u00f3 de la hist\u00f2ria del nostre poble i la nostra escola. Ens ha agradat molt poder preparar-ho i mostrar tot all\u00f2 que hem apr\u00e8s a les nostres fam\u00edlies!<\/p>\n<p>A continuaci\u00f3 us enllacem els v\u00eddeos de la presentaci\u00f3 per tal que tothom els pugui visualitzar i un enlla\u00e7 a la presentaci\u00f3 que hem elaborat.<\/p>\n<p>ESPEREM QUE US AGRADI!<\/p>\n<p><a href=\"https:\/\/agora.xtec.cat\/escolamestralvilanova\/wp-content\/uploads\/usu729\/2020\/02\/IMG_6016.jpg\"><img loading=\"lazy\" decoding=\"async\" class=\"alignnone wp-image-2111 size-medium\" src=\"https:\/\/agora.xtec.cat\/escolamestralvilanova\/wp-content\/uploads\/usu729\/2020\/02\/IMG_6016-300x225.jpg\" alt=\"\" width=\"300\" height=\"225\" srcset=\"https:\/\/agora.xtec.cat\/escolamestralvilanova\/wp-content\/uploads\/usu729\/2020\/02\/IMG_6016-300x225.jpg 300w, https:\/\/agora.xtec.cat\/escolamestralvilanova\/wp-content\/uploads\/usu729\/2020\/02\/IMG_6016-200x150.jpg 200w, https:\/\/agora.xtec.cat\/escolamestralvilanova\/wp-content\/uploads\/usu729\/2020\/02\/IMG_6016.jpg 640w\" sizes=\"auto, (max-width: 300px) 100vw, 300px\" \/><\/a><\/p>\n<ul>\n<li><a href=\"https:\/\/photos.app.goo.gl\/EATrmScuzcFjxF6H7\">ENLLA\u00c7 ALS V\u00cdDEOS<\/a><\/li>\n<li><a href=\"https:\/\/photos.app.goo.gl\/HprnpeuWn2x3JHxa7\">ENLLA\u00c7 A LES FOTOGRAFIES<\/a><\/li>\n<li><a href=\"https:\/\/agora.xtec.cat\/escolamestralvilanova\/wp-content\/uploads\/usu729\/2020\/02\/LA-HIST\u00d2RIA-DEL-NOSTRE-POBLE-POWER-DEFINITIU.pdf\">LA HIST\u00d2RIA DEL NOSTRE POBLE I LA NOSTRA ESCOLA<\/a><\/li>\n<\/ul>\n<p>&nbsp;<\/p>\n","protected":false},"excerpt":{"rendered":"<p>El dimarts per la tarda, els nens i nens de cinqu\u00e8 vam realitzar una exposici\u00f3 a les fam\u00edlies del nostre projecte LA HIST\u00d2RIA DEL NOSTRE POBLE I LA NOSTRA ESCOLA!<br \/>\nA partir d&#8217;un treball cooperatiu, al llarg del primer trimestre, hem estat fent una investigaci\u00f3 de&hellip;  <a href=\"https:\/\/agora.xtec.cat\/escolamestralvilanova\/portada\/fem-una-exposicio-del-nostre-projecte\/\" title=\"Read FEM UNA EXPOSICI\u00d3 DEL NOSTRE PROJECTE!\">Llegeix m\u00e9s\u00bb<\/a><\/p>\n","protected":false},"author":1,"featured_media":0,"comment_status":"open","ping_status":"closed","sticky":false,"template":"","format":"standard","meta":{"_bbp_topic_count":0,"_bbp_reply_count":0,"_bbp_total_topic_count":0,"_bbp_total_reply_count":0,"_bbp_voice_count":0,"_bbp_anonymous_reply_count":0,"_bbp_topic_count_hidden":0,"_bbp_reply_count_hidden":0,"_bbp_forum_subforum_count":0,"footnotes":""},"categories":[13,4,5],"tags":[],"class_list":["post-2107","post","type-post","status-publish","format-standard","hentry","category-cinque","category-portada","category-primaria"],"post_mailing_queue_ids":[],"_links":{"self":[{"href":"https:\/\/agora.xtec.cat\/escolamestralvilanova\/wp-json\/wp\/v2\/posts\/2107","targetHints":{"allow":["GET"]}}],"collection":[{"href":"https:\/\/agora.xtec.cat\/escolamestralvilanova\/wp-json\/wp\/v2\/posts"}],"about":[{"href":"https:\/\/agora.xtec.cat\/escolamestralvilanova\/wp-json\/wp\/v2\/types\/post"}],"author":[{"embeddable":true,"href":"https:\/\/agora.xtec.cat\/escolamestralvilanova\/wp-json\/wp\/v2\/users\/1"}],"replies":[{"embeddable":true,"href":"https:\/\/agora.xtec.cat\/escolamestralvilanova\/wp-json\/wp\/v2\/comments?post=2107"}],"version-history":[{"count":3,"href":"https:\/\/agora.xtec.cat\/escolamestralvilanova\/wp-json\/wp\/v2\/posts\/2107\/revisions"}],"predecessor-version":[{"id":2128,"href":"https:\/\/agora.xtec.cat\/escolamestralvilanova\/wp-json\/wp\/v2\/posts\/2107\/revisions\/2128"}],"wp:attachment":[{"href":"https:\/\/agora.xtec.cat\/escolamestralvilanova\/wp-json\/wp\/v2\/media?parent=2107"}],"wp:term":[{"taxonomy":"category","embeddable":true,"href":"https:\/\/agora.xtec.cat\/escolamestralvilanova\/wp-json\/wp\/v2\/categories?post=2107"},{"taxonomy":"post_tag","embeddable":true,"href":"https:\/\/agora.xtec.cat\/escolamestralvilanova\/wp-json\/wp\/v2\/tags?post=2107"}],"curies":[{"name":"wp","href":"https:\/\/api.w.org\/{rel}","templated":true}]}}