{"id":2088,"date":"2020-02-03T09:07:27","date_gmt":"2020-02-03T08:07:27","guid":{"rendered":"http:\/\/agora.xtec.cat\/escolamestralvilanova\/?p=2088"},"modified":"2020-02-03T10:33:49","modified_gmt":"2020-02-03T09:33:49","slug":"la-merce-mayench-ens-explica-els-seus-viatges-a-lindia","status":"publish","type":"post","link":"https:\/\/agora.xtec.cat\/escolamestralvilanova\/general\/la-merce-mayench-ens-explica-els-seus-viatges-a-lindia\/","title":{"rendered":"LA MERC\u00c8 MAYENCH ENS EXPLICA ELS SEUS VIATGES A L&#8217;\u00cdNDIA!"},"content":{"rendered":"<p>El passat divendres, els alumnes de Cicle Superior, vam entrevistar a la Merc\u00e8 Mayench, titeta del David Mayench i col\u00b7laboradora de la Fundaci\u00f3 Vicente Ferrer.<\/p>\n<p>Durant aquest segon trimestre, des de l&#8217;escola hem volgut allargar la nostra mirada cap al treball humanitari que es realitza des de diferents entitats i persones, ja que aix\u00f2 afavorir\u00e0 la construcci\u00f3 d&#8217;un jo global i pr\u00f2xim al m\u00f3n que habitem.<\/p>\n<p>Per aquest motiu, amb la visita de la Merc\u00e8 en hem pogut aproximar al treball d&#8217;aquesta Fundaci\u00f3 i la seva tasca humanit\u00e0ria.<\/p>\n<p>Moltes gr\u00e0cies Merc\u00e8!<\/p>\n<ul>\n<li><a href=\"https:\/\/photos.app.goo.gl\/qEHe4awgBvcTM5Tw9\">ENLLA\u00c7 A LES FOTOGRAFIES<\/a><\/li>\n<\/ul>\n<p><a href=\"https:\/\/agora.xtec.cat\/escolamestralvilanova\/wp-content\/uploads\/usu729\/2020\/01\/IMG_8956.jpeg\"><img loading=\"lazy\" decoding=\"async\" class=\"alignnone size-medium wp-image-2096\" src=\"https:\/\/agora.xtec.cat\/escolamestralvilanova\/wp-content\/uploads\/usu729\/2020\/01\/IMG_8956-176x300.jpeg\" alt=\"\" width=\"176\" height=\"300\" srcset=\"https:\/\/agora.xtec.cat\/escolamestralvilanova\/wp-content\/uploads\/usu729\/2020\/01\/IMG_8956-176x300.jpeg 176w, https:\/\/agora.xtec.cat\/escolamestralvilanova\/wp-content\/uploads\/usu729\/2020\/01\/IMG_8956.jpeg 503w\" sizes=\"auto, (max-width: 176px) 100vw, 176px\" \/><\/a><\/p>\n","protected":false},"excerpt":{"rendered":"<p>El passat divendres, els alumnes de Cicle Superior, vam entrevistar a la Merc\u00e8 Mayench, titeta del David Mayench i col\u00b7laboradora de la Fundaci\u00f3 Vicente Ferrer.<br \/>\nDurant aquest segon trimestre, des de l&#8217;escola hem volgut allargar la nostra mirada cap al treball humanitari que es realitza des&hellip;  <a href=\"https:\/\/agora.xtec.cat\/escolamestralvilanova\/general\/la-merce-mayench-ens-explica-els-seus-viatges-a-lindia\/\" title=\"Read LA MERC\u00c8 MAYENCH ENS EXPLICA ELS SEUS VIATGES A L&#8217;\u00cdNDIA!\">Llegeix m\u00e9s\u00bb<\/a><\/p>\n","protected":false},"author":1,"featured_media":0,"comment_status":"open","ping_status":"closed","sticky":false,"template":"","format":"standard","meta":{"_bbp_topic_count":0,"_bbp_reply_count":0,"_bbp_total_topic_count":0,"_bbp_total_reply_count":0,"_bbp_voice_count":0,"_bbp_anonymous_reply_count":0,"_bbp_topic_count_hidden":0,"_bbp_reply_count_hidden":0,"_bbp_forum_subforum_count":0,"footnotes":""},"categories":[13,15,1,4,5],"tags":[],"class_list":["post-2088","post","type-post","status-publish","format-standard","hentry","category-cinque","category-cicle-superior","category-general","category-portada","category-primaria"],"post_mailing_queue_ids":[],"_links":{"self":[{"href":"https:\/\/agora.xtec.cat\/escolamestralvilanova\/wp-json\/wp\/v2\/posts\/2088","targetHints":{"allow":["GET"]}}],"collection":[{"href":"https:\/\/agora.xtec.cat\/escolamestralvilanova\/wp-json\/wp\/v2\/posts"}],"about":[{"href":"https:\/\/agora.xtec.cat\/escolamestralvilanova\/wp-json\/wp\/v2\/types\/post"}],"author":[{"embeddable":true,"href":"https:\/\/agora.xtec.cat\/escolamestralvilanova\/wp-json\/wp\/v2\/users\/1"}],"replies":[{"embeddable":true,"href":"https:\/\/agora.xtec.cat\/escolamestralvilanova\/wp-json\/wp\/v2\/comments?post=2088"}],"version-history":[{"count":4,"href":"https:\/\/agora.xtec.cat\/escolamestralvilanova\/wp-json\/wp\/v2\/posts\/2088\/revisions"}],"predecessor-version":[{"id":2104,"href":"https:\/\/agora.xtec.cat\/escolamestralvilanova\/wp-json\/wp\/v2\/posts\/2088\/revisions\/2104"}],"wp:attachment":[{"href":"https:\/\/agora.xtec.cat\/escolamestralvilanova\/wp-json\/wp\/v2\/media?parent=2088"}],"wp:term":[{"taxonomy":"category","embeddable":true,"href":"https:\/\/agora.xtec.cat\/escolamestralvilanova\/wp-json\/wp\/v2\/categories?post=2088"},{"taxonomy":"post_tag","embeddable":true,"href":"https:\/\/agora.xtec.cat\/escolamestralvilanova\/wp-json\/wp\/v2\/tags?post=2088"}],"curies":[{"name":"wp","href":"https:\/\/api.w.org\/{rel}","templated":true}]}}