{"id":2077,"date":"2020-01-30T10:49:55","date_gmt":"2020-01-30T09:49:55","guid":{"rendered":"http:\/\/agora.xtec.cat\/escolamestralvilanova\/?p=2077"},"modified":"2020-01-30T10:57:12","modified_gmt":"2020-01-30T09:57:12","slug":"presentem-les-cel%c2%b7lules","status":"publish","type":"post","link":"https:\/\/agora.xtec.cat\/escolamestralvilanova\/portada\/presentem-les-cel%c2%b7lules\/","title":{"rendered":"PRESENTEM LES C\u00c8L\u00b7LULES"},"content":{"rendered":"<p>Amb l&#8217;objectiu d&#8217;evidenciar tots els aprenentatges treballats i apresos sobre les c\u00e8l\u00b7lules, durant els darrers dies els alumnes de sis\u00e8 hem realitzat unes presentacions.<\/p>\n<p>Aquestes, elaborades tant a l&#8217;escola com a casa, ens han perm\u00e8s treballar competencialment tot posant de manifest els aprenentatges adquirits vers el tema treballat, aix\u00ed com han afavorit la seva avaluaci\u00f3 tot fomentant:<\/p>\n<ul>\n<li>L&#8217;autoavaluaci\u00f3, a partir del visionat de la pr\u00f2pia presentaci\u00f3<\/li>\n<li>I, la coavaluaci\u00f3 entre iguals, avaluant les presentacions dels nostres companys\/es.<\/li>\n<\/ul>\n<p>Per tal de seguir un mateix criteri d&#8217;avaluaci\u00f3, abans per\u00f2, hem elaborat una r\u00fabrica d&#8217;avaluaci\u00f3 tot encabint-hi els aspectes que considerem rellevants i avaluables sobre el tema treballat.<\/p>\n<p>Tot seguit us mostrem les presentacions realitzades:<\/p>\n<ul>\n<li><a href=\"https:\/\/photos.app.goo.gl\/iNFn74Sb1L5ymhpH6\">ENLLA\u00c7 A LES PRESENTACIONS<\/a><\/li>\n<\/ul>\n<p><a href=\"https:\/\/photos.app.goo.gl\/iNFn74Sb1L5ymhpH6\"><img loading=\"lazy\" decoding=\"async\" class=\"alignnone wp-image-2080 size-medium\" src=\"https:\/\/agora.xtec.cat\/escolamestralvilanova\/wp-content\/uploads\/usu729\/2020\/01\/Captura-2020-01-30-a-las-10.54.25-300x209.png\" alt=\"\" width=\"300\" height=\"209\" srcset=\"https:\/\/agora.xtec.cat\/escolamestralvilanova\/wp-content\/uploads\/usu729\/2020\/01\/Captura-2020-01-30-a-las-10.54.25-300x209.png 300w, https:\/\/agora.xtec.cat\/escolamestralvilanova\/wp-content\/uploads\/usu729\/2020\/01\/Captura-2020-01-30-a-las-10.54.25.png 750w\" sizes=\"auto, (max-width: 300px) 100vw, 300px\" \/><\/a><\/p>\n","protected":false},"excerpt":{"rendered":"<p>Amb l&#8217;objectiu d&#8217;evidenciar tots els aprenentatges treballats i apresos sobre les c\u00e8l\u00b7lules, durant els darrers dies els alumnes de sis\u00e8 hem realitzat unes presentacions.<br \/>\nAquestes, elaborades tant a l&#8217;escola com a casa, ens han perm\u00e8s treballar competencialment tot posant de manifest els aprenentatges adquirits vers el&hellip;  <a href=\"https:\/\/agora.xtec.cat\/escolamestralvilanova\/portada\/presentem-les-cel%c2%b7lules\/\" title=\"Read PRESENTEM LES C\u00c8L\u00b7LULES\">Llegeix m\u00e9s\u00bb<\/a><\/p>\n","protected":false},"author":1,"featured_media":0,"comment_status":"open","ping_status":"closed","sticky":false,"template":"","format":"standard","meta":{"_bbp_topic_count":0,"_bbp_reply_count":0,"_bbp_total_topic_count":0,"_bbp_total_reply_count":0,"_bbp_voice_count":0,"_bbp_anonymous_reply_count":0,"_bbp_topic_count_hidden":0,"_bbp_reply_count_hidden":0,"_bbp_forum_subforum_count":0,"footnotes":""},"categories":[15,4,5],"tags":[],"class_list":["post-2077","post","type-post","status-publish","format-standard","hentry","category-cicle-superior","category-portada","category-primaria"],"post_mailing_queue_ids":[],"_links":{"self":[{"href":"https:\/\/agora.xtec.cat\/escolamestralvilanova\/wp-json\/wp\/v2\/posts\/2077","targetHints":{"allow":["GET"]}}],"collection":[{"href":"https:\/\/agora.xtec.cat\/escolamestralvilanova\/wp-json\/wp\/v2\/posts"}],"about":[{"href":"https:\/\/agora.xtec.cat\/escolamestralvilanova\/wp-json\/wp\/v2\/types\/post"}],"author":[{"embeddable":true,"href":"https:\/\/agora.xtec.cat\/escolamestralvilanova\/wp-json\/wp\/v2\/users\/1"}],"replies":[{"embeddable":true,"href":"https:\/\/agora.xtec.cat\/escolamestralvilanova\/wp-json\/wp\/v2\/comments?post=2077"}],"version-history":[{"count":3,"href":"https:\/\/agora.xtec.cat\/escolamestralvilanova\/wp-json\/wp\/v2\/posts\/2077\/revisions"}],"predecessor-version":[{"id":2081,"href":"https:\/\/agora.xtec.cat\/escolamestralvilanova\/wp-json\/wp\/v2\/posts\/2077\/revisions\/2081"}],"wp:attachment":[{"href":"https:\/\/agora.xtec.cat\/escolamestralvilanova\/wp-json\/wp\/v2\/media?parent=2077"}],"wp:term":[{"taxonomy":"category","embeddable":true,"href":"https:\/\/agora.xtec.cat\/escolamestralvilanova\/wp-json\/wp\/v2\/categories?post=2077"},{"taxonomy":"post_tag","embeddable":true,"href":"https:\/\/agora.xtec.cat\/escolamestralvilanova\/wp-json\/wp\/v2\/tags?post=2077"}],"curies":[{"name":"wp","href":"https:\/\/api.w.org\/{rel}","templated":true}]}}