{"id":2060,"date":"2020-01-29T09:57:37","date_gmt":"2020-01-29T08:57:37","guid":{"rendered":"http:\/\/agora.xtec.cat\/escolamestralvilanova\/?p=2060"},"modified":"2020-01-29T09:57:52","modified_gmt":"2020-01-29T08:57:52","slug":"que-es-un-coronavirus","status":"publish","type":"post","link":"https:\/\/agora.xtec.cat\/escolamestralvilanova\/portada\/que-es-un-coronavirus\/","title":{"rendered":"QU\u00c8 \u00c9S UN CORONAVIRUS?"},"content":{"rendered":"<p>Avui els alumnes de sis\u00e8 hem buscat informaci\u00f3 sobre la seg\u00fcent pregunta: &#8220;Qu\u00e8 \u00e9s un coronavirus?&#8221; i hem trobat un v\u00eddeo molt explicatiu i que ens ha semblat molt interessant.<\/p>\n<p>Us el compartim:<\/p>\n<p><iframe loading=\"lazy\" src=\"https:\/\/www.ccma.cat\/video\/embed\/super3\/6021166\/\" allowfullscreen scrolling=\"no\" frameborder=\"0\" width=\"700px\" height=\"400px\"><\/iframe>&nbsp;<\/p>\n","protected":false},"excerpt":{"rendered":"<p>Avui els alumnes de sis\u00e8 hem buscat informaci\u00f3 sobre la seg\u00fcent pregunta: &#8220;Qu\u00e8 \u00e9s un coronavirus?&#8221; i hem trobat un v\u00eddeo molt explicatiu i que ens ha semblat molt interessant.<br \/>\nUs el compartim:<br \/>\n&nbsp;<\/p>\n","protected":false},"author":1,"featured_media":0,"comment_status":"open","ping_status":"closed","sticky":false,"template":"","format":"standard","meta":{"_bbp_topic_count":0,"_bbp_reply_count":0,"_bbp_total_topic_count":0,"_bbp_total_reply_count":0,"_bbp_voice_count":0,"_bbp_anonymous_reply_count":0,"_bbp_topic_count_hidden":0,"_bbp_reply_count_hidden":0,"_bbp_forum_subforum_count":0,"footnotes":""},"categories":[15,4,5],"tags":[],"class_list":["post-2060","post","type-post","status-publish","format-standard","hentry","category-cicle-superior","category-portada","category-primaria"],"post_mailing_queue_ids":[],"_links":{"self":[{"href":"https:\/\/agora.xtec.cat\/escolamestralvilanova\/wp-json\/wp\/v2\/posts\/2060","targetHints":{"allow":["GET"]}}],"collection":[{"href":"https:\/\/agora.xtec.cat\/escolamestralvilanova\/wp-json\/wp\/v2\/posts"}],"about":[{"href":"https:\/\/agora.xtec.cat\/escolamestralvilanova\/wp-json\/wp\/v2\/types\/post"}],"author":[{"embeddable":true,"href":"https:\/\/agora.xtec.cat\/escolamestralvilanova\/wp-json\/wp\/v2\/users\/1"}],"replies":[{"embeddable":true,"href":"https:\/\/agora.xtec.cat\/escolamestralvilanova\/wp-json\/wp\/v2\/comments?post=2060"}],"version-history":[{"count":3,"href":"https:\/\/agora.xtec.cat\/escolamestralvilanova\/wp-json\/wp\/v2\/posts\/2060\/revisions"}],"predecessor-version":[{"id":2065,"href":"https:\/\/agora.xtec.cat\/escolamestralvilanova\/wp-json\/wp\/v2\/posts\/2060\/revisions\/2065"}],"wp:attachment":[{"href":"https:\/\/agora.xtec.cat\/escolamestralvilanova\/wp-json\/wp\/v2\/media?parent=2060"}],"wp:term":[{"taxonomy":"category","embeddable":true,"href":"https:\/\/agora.xtec.cat\/escolamestralvilanova\/wp-json\/wp\/v2\/categories?post=2060"},{"taxonomy":"post_tag","embeddable":true,"href":"https:\/\/agora.xtec.cat\/escolamestralvilanova\/wp-json\/wp\/v2\/tags?post=2060"}],"curies":[{"name":"wp","href":"https:\/\/api.w.org\/{rel}","templated":true}]}}