{"id":2046,"date":"2020-01-24T15:47:53","date_gmt":"2020-01-24T14:47:53","guid":{"rendered":"http:\/\/agora.xtec.cat\/escolamestralvilanova\/?p=2046"},"modified":"2020-01-24T15:47:58","modified_gmt":"2020-01-24T14:47:58","slug":"tallers-artistics","status":"publish","type":"post","link":"https:\/\/agora.xtec.cat\/escolamestralvilanova\/portada\/tallers-artistics\/","title":{"rendered":"TALLERS ART\u00cdSTICS"},"content":{"rendered":"<p>Cada divendres els nens i nenes d&#8217;educaci\u00f3 Prim\u00e0ria realitzem tallers internivells d&#8217;art, mitjan\u00e7ant els quals desenvolupem la nostra creativitat i el nostre pensament art\u00edstic tot realitzant diferents obres.<\/p>\n<p>Ens agraden molt!<\/p>\n<ul>\n<li><a href=\"https:\/\/photos.app.goo.gl\/XAPqZfZ7ZW9W9itu8\">ENLLA\u00c7 A LES FOTOGRAFIES<\/a><\/li>\n<\/ul>\n<p><a href=\"https:\/\/agora.xtec.cat\/escolamestralvilanova\/wp-content\/uploads\/usu729\/2020\/01\/IMG_8867.jpg\"><img loading=\"lazy\" decoding=\"async\" class=\"alignnone size-medium wp-image-2047\" src=\"https:\/\/agora.xtec.cat\/escolamestralvilanova\/wp-content\/uploads\/usu729\/2020\/01\/IMG_8867-300x225.jpg\" alt=\"\" width=\"300\" height=\"225\" srcset=\"https:\/\/agora.xtec.cat\/escolamestralvilanova\/wp-content\/uploads\/usu729\/2020\/01\/IMG_8867-300x225.jpg 300w, https:\/\/agora.xtec.cat\/escolamestralvilanova\/wp-content\/uploads\/usu729\/2020\/01\/IMG_8867-200x150.jpg 200w, https:\/\/agora.xtec.cat\/escolamestralvilanova\/wp-content\/uploads\/usu729\/2020\/01\/IMG_8867.jpg 640w\" sizes=\"auto, (max-width: 300px) 100vw, 300px\" \/><\/a><\/p>\n","protected":false},"excerpt":{"rendered":"<p>Cada divendres els nens i nenes d&#8217;educaci\u00f3 Prim\u00e0ria realitzem tallers internivells d&#8217;art, mitjan\u00e7ant els quals desenvolupem la nostra creativitat i el nostre pensament art\u00edstic tot realitzant diferents obres.<br \/>\nEns agraden molt!<\/p>\n<ul>\n<li><a href=\"https:\/\/photos.app.goo.gl\/XAPqZfZ7ZW9W9itu8\">ENLLA\u00c7 A LES FOTOGRAFIES<\/a><\/li>\n<\/ul>\n<p><a href=\"https:\/\/agora.xtec.cat\/escolamestralvilanova\/wp-content\/uploads\/usu729\/2020\/01\/IMG_8867.jpg\"><\/a><\/p>\n","protected":false},"author":1,"featured_media":0,"comment_status":"open","ping_status":"closed","sticky":false,"template":"","format":"standard","meta":{"_bbp_topic_count":0,"_bbp_reply_count":0,"_bbp_total_topic_count":0,"_bbp_total_reply_count":0,"_bbp_voice_count":0,"_bbp_anonymous_reply_count":0,"_bbp_topic_count_hidden":0,"_bbp_reply_count_hidden":0,"_bbp_forum_subforum_count":0,"footnotes":""},"categories":[13,11,12,15,10,4,5],"tags":[],"class_list":["post-2046","post","type-post","status-publish","format-standard","hentry","category-cinque","category-cicle-inicial","category-tercer-quart","category-cicle-superior","category-ei5-primer","category-portada","category-primaria"],"post_mailing_queue_ids":[],"_links":{"self":[{"href":"https:\/\/agora.xtec.cat\/escolamestralvilanova\/wp-json\/wp\/v2\/posts\/2046","targetHints":{"allow":["GET"]}}],"collection":[{"href":"https:\/\/agora.xtec.cat\/escolamestralvilanova\/wp-json\/wp\/v2\/posts"}],"about":[{"href":"https:\/\/agora.xtec.cat\/escolamestralvilanova\/wp-json\/wp\/v2\/types\/post"}],"author":[{"embeddable":true,"href":"https:\/\/agora.xtec.cat\/escolamestralvilanova\/wp-json\/wp\/v2\/users\/1"}],"replies":[{"embeddable":true,"href":"https:\/\/agora.xtec.cat\/escolamestralvilanova\/wp-json\/wp\/v2\/comments?post=2046"}],"version-history":[{"count":1,"href":"https:\/\/agora.xtec.cat\/escolamestralvilanova\/wp-json\/wp\/v2\/posts\/2046\/revisions"}],"predecessor-version":[{"id":2048,"href":"https:\/\/agora.xtec.cat\/escolamestralvilanova\/wp-json\/wp\/v2\/posts\/2046\/revisions\/2048"}],"wp:attachment":[{"href":"https:\/\/agora.xtec.cat\/escolamestralvilanova\/wp-json\/wp\/v2\/media?parent=2046"}],"wp:term":[{"taxonomy":"category","embeddable":true,"href":"https:\/\/agora.xtec.cat\/escolamestralvilanova\/wp-json\/wp\/v2\/categories?post=2046"},{"taxonomy":"post_tag","embeddable":true,"href":"https:\/\/agora.xtec.cat\/escolamestralvilanova\/wp-json\/wp\/v2\/tags?post=2046"}],"curies":[{"name":"wp","href":"https:\/\/api.w.org\/{rel}","templated":true}]}}