{"id":2030,"date":"2020-01-24T15:18:34","date_gmt":"2020-01-24T14:18:34","guid":{"rendered":"http:\/\/agora.xtec.cat\/escolamestralvilanova\/?p=2030"},"modified":"2020-01-24T15:18:34","modified_gmt":"2020-01-24T14:18:34","slug":"fem-nuvols-i-pluja","status":"publish","type":"post","link":"https:\/\/agora.xtec.cat\/escolamestralvilanova\/infantil\/fem-nuvols-i-pluja\/","title":{"rendered":"FEM N\u00daVOLS I PLUJA"},"content":{"rendered":"<p dir=\"auto\">Avui els nens i nenes d&#8217;educaci\u00f3 Infantil hem creat n\u00favols. Dins d&#8217;un got de pl\u00e0stic hem posat escuma d&#8217;afaitar simulant un n\u00favol i en un pulveritzador hi hem barrejat agua amb colorant alimentari de color blau. En uns segons, hem pogut veure com plovia dins del got.<\/p>\n<p dir=\"auto\">Han gaudit molt i ha estat una experi\u00e8ncia molt bonica!<\/p>\n<ul>\n<li><a href=\"https:\/\/photos.app.goo.gl\/8FqRPJesnhEq7U9G9\">ENLLA\u00c7 A LES FOTOGRAFIES<\/a><\/li>\n<\/ul>\n<p><a href=\"https:\/\/agora.xtec.cat\/escolamestralvilanova\/wp-content\/uploads\/usu729\/2020\/01\/IMG_20200124_092834.jpg\"><img loading=\"lazy\" decoding=\"async\" class=\"alignnone size-medium wp-image-2031\" src=\"https:\/\/agora.xtec.cat\/escolamestralvilanova\/wp-content\/uploads\/usu729\/2020\/01\/IMG_20200124_092834-300x225.jpg\" alt=\"\" width=\"300\" height=\"225\" srcset=\"https:\/\/agora.xtec.cat\/escolamestralvilanova\/wp-content\/uploads\/usu729\/2020\/01\/IMG_20200124_092834-300x225.jpg 300w, https:\/\/agora.xtec.cat\/escolamestralvilanova\/wp-content\/uploads\/usu729\/2020\/01\/IMG_20200124_092834-200x150.jpg 200w, https:\/\/agora.xtec.cat\/escolamestralvilanova\/wp-content\/uploads\/usu729\/2020\/01\/IMG_20200124_092834.jpg 640w\" sizes=\"auto, (max-width: 300px) 100vw, 300px\" \/><\/a><\/p>\n","protected":false},"excerpt":{"rendered":"<p>Avui els nens i nenes d&#8217;educaci\u00f3 Infantil hem creat n\u00favols. Dins d&#8217;un got de pl\u00e0stic hem posat escuma d&#8217;afaitar simulant un n\u00favol i en un pulveritzador hi hem barrejat agua amb colorant alimentari de color blau. En uns segons, hem pogut veure com plovia dins&hellip;  <a href=\"https:\/\/agora.xtec.cat\/escolamestralvilanova\/infantil\/fem-nuvols-i-pluja\/\" title=\"Read FEM N\u00daVOLS I PLUJA\">Llegeix m\u00e9s\u00bb<\/a><\/p>\n","protected":false},"author":1,"featured_media":1170,"comment_status":"open","ping_status":"closed","sticky":false,"template":"","format":"standard","meta":{"_bbp_topic_count":0,"_bbp_reply_count":0,"_bbp_total_topic_count":0,"_bbp_total_reply_count":0,"_bbp_voice_count":0,"_bbp_anonymous_reply_count":0,"_bbp_topic_count_hidden":0,"_bbp_reply_count_hidden":0,"_bbp_forum_subforum_count":0,"footnotes":""},"categories":[3,8,9,2,4],"tags":[],"class_list":["post-2030","post","type-post","status-publish","format-standard","has-post-thumbnail","hentry","category-ei3-ei4-ei5","category-ei4","category-ei5","category-infantil","category-portada"],"post_mailing_queue_ids":[],"_links":{"self":[{"href":"https:\/\/agora.xtec.cat\/escolamestralvilanova\/wp-json\/wp\/v2\/posts\/2030","targetHints":{"allow":["GET"]}}],"collection":[{"href":"https:\/\/agora.xtec.cat\/escolamestralvilanova\/wp-json\/wp\/v2\/posts"}],"about":[{"href":"https:\/\/agora.xtec.cat\/escolamestralvilanova\/wp-json\/wp\/v2\/types\/post"}],"author":[{"embeddable":true,"href":"https:\/\/agora.xtec.cat\/escolamestralvilanova\/wp-json\/wp\/v2\/users\/1"}],"replies":[{"embeddable":true,"href":"https:\/\/agora.xtec.cat\/escolamestralvilanova\/wp-json\/wp\/v2\/comments?post=2030"}],"version-history":[{"count":1,"href":"https:\/\/agora.xtec.cat\/escolamestralvilanova\/wp-json\/wp\/v2\/posts\/2030\/revisions"}],"predecessor-version":[{"id":2032,"href":"https:\/\/agora.xtec.cat\/escolamestralvilanova\/wp-json\/wp\/v2\/posts\/2030\/revisions\/2032"}],"wp:featuredmedia":[{"embeddable":true,"href":"https:\/\/agora.xtec.cat\/escolamestralvilanova\/wp-json\/wp\/v2\/media\/1170"}],"wp:attachment":[{"href":"https:\/\/agora.xtec.cat\/escolamestralvilanova\/wp-json\/wp\/v2\/media?parent=2030"}],"wp:term":[{"taxonomy":"category","embeddable":true,"href":"https:\/\/agora.xtec.cat\/escolamestralvilanova\/wp-json\/wp\/v2\/categories?post=2030"},{"taxonomy":"post_tag","embeddable":true,"href":"https:\/\/agora.xtec.cat\/escolamestralvilanova\/wp-json\/wp\/v2\/tags?post=2030"}],"curies":[{"name":"wp","href":"https:\/\/api.w.org\/{rel}","templated":true}]}}