{"id":2023,"date":"2020-01-23T15:21:22","date_gmt":"2020-01-23T14:21:22","guid":{"rendered":"http:\/\/agora.xtec.cat\/escolamestralvilanova\/?p=2023"},"modified":"2020-01-23T15:21:31","modified_gmt":"2020-01-23T14:21:31","slug":"preparem-el-sabo","status":"publish","type":"post","link":"https:\/\/agora.xtec.cat\/escolamestralvilanova\/portada\/preparem-el-sabo\/","title":{"rendered":"PREPAREM EL SAB\u00d3"},"content":{"rendered":"<p>Passats 2 mesos des de la realitzaci\u00f3 del sab\u00f3 amb oli usat, avui hem comprovat que ja estava solidificat aix\u00ed que l&#8217;hem preparat per tal de distribuir-lo entre els alumnes de Cicle Superior.<\/p>\n<p>El proc\u00e9s de preparaci\u00f3 ha estat realitzat a partir del treball en cadena i ha constat de les seg\u00fcents fases:<\/p>\n<ul>\n<li>Mesura de les fraccions de sab\u00f3 per aconseguir 24 unitats<\/li>\n<li>Tall de cada fracci\u00f3<\/li>\n<li>Embolicat de cada fracci\u00f3<\/li>\n<li>Preparaci\u00f3 de les etiquetes<\/li>\n<li>Distribuci\u00f3 del sab\u00f3<\/li>\n<\/ul>\n<p>Hem apr\u00e8s moltes coses amb aquest treball, esperem que us agradi!<\/p>\n<ul>\n<li><a href=\"https:\/\/photos.app.goo.gl\/Ykmta8m8pyVX8RfA8\">ENLLA\u00c7 A LES FOTOGRAFIES<\/a><\/li>\n<\/ul>\n<p><a href=\"https:\/\/agora.xtec.cat\/escolamestralvilanova\/wp-content\/uploads\/usu729\/2020\/01\/IMG_8821.jpg\"><img loading=\"lazy\" decoding=\"async\" class=\"alignnone size-medium wp-image-2026\" src=\"https:\/\/agora.xtec.cat\/escolamestralvilanova\/wp-content\/uploads\/usu729\/2020\/01\/IMG_8821-300x225.jpg\" alt=\"\" width=\"300\" height=\"225\" srcset=\"https:\/\/agora.xtec.cat\/escolamestralvilanova\/wp-content\/uploads\/usu729\/2020\/01\/IMG_8821-300x225.jpg 300w, https:\/\/agora.xtec.cat\/escolamestralvilanova\/wp-content\/uploads\/usu729\/2020\/01\/IMG_8821-200x150.jpg 200w, https:\/\/agora.xtec.cat\/escolamestralvilanova\/wp-content\/uploads\/usu729\/2020\/01\/IMG_8821.jpg 640w\" sizes=\"auto, (max-width: 300px) 100vw, 300px\" \/><\/a><\/p>\n","protected":false},"excerpt":{"rendered":"<p>Passats 2 mesos des de la realitzaci\u00f3 del sab\u00f3 amb oli usat, avui hem comprovat que ja estava solidificat aix\u00ed que l&#8217;hem preparat per tal de distribuir-lo entre els alumnes de Cicle Superior.<br \/>\nEl proc\u00e9s de preparaci\u00f3 ha estat realitzat a partir del treball en cadena&hellip;  <a href=\"https:\/\/agora.xtec.cat\/escolamestralvilanova\/portada\/preparem-el-sabo\/\" title=\"Read PREPAREM EL SAB\u00d3\">Llegeix m\u00e9s\u00bb<\/a><\/p>\n","protected":false},"author":1,"featured_media":0,"comment_status":"open","ping_status":"closed","sticky":false,"template":"","format":"standard","meta":{"_bbp_topic_count":0,"_bbp_reply_count":0,"_bbp_total_topic_count":0,"_bbp_total_reply_count":0,"_bbp_voice_count":0,"_bbp_anonymous_reply_count":0,"_bbp_topic_count_hidden":0,"_bbp_reply_count_hidden":0,"_bbp_forum_subforum_count":0,"footnotes":""},"categories":[13,15,23,4,5],"tags":[],"class_list":["post-2023","post","type-post","status-publish","format-standard","hentry","category-cinque","category-cicle-superior","category-escola-verda","category-portada","category-primaria"],"post_mailing_queue_ids":[],"_links":{"self":[{"href":"https:\/\/agora.xtec.cat\/escolamestralvilanova\/wp-json\/wp\/v2\/posts\/2023","targetHints":{"allow":["GET"]}}],"collection":[{"href":"https:\/\/agora.xtec.cat\/escolamestralvilanova\/wp-json\/wp\/v2\/posts"}],"about":[{"href":"https:\/\/agora.xtec.cat\/escolamestralvilanova\/wp-json\/wp\/v2\/types\/post"}],"author":[{"embeddable":true,"href":"https:\/\/agora.xtec.cat\/escolamestralvilanova\/wp-json\/wp\/v2\/users\/1"}],"replies":[{"embeddable":true,"href":"https:\/\/agora.xtec.cat\/escolamestralvilanova\/wp-json\/wp\/v2\/comments?post=2023"}],"version-history":[{"count":2,"href":"https:\/\/agora.xtec.cat\/escolamestralvilanova\/wp-json\/wp\/v2\/posts\/2023\/revisions"}],"predecessor-version":[{"id":2027,"href":"https:\/\/agora.xtec.cat\/escolamestralvilanova\/wp-json\/wp\/v2\/posts\/2023\/revisions\/2027"}],"wp:attachment":[{"href":"https:\/\/agora.xtec.cat\/escolamestralvilanova\/wp-json\/wp\/v2\/media?parent=2023"}],"wp:term":[{"taxonomy":"category","embeddable":true,"href":"https:\/\/agora.xtec.cat\/escolamestralvilanova\/wp-json\/wp\/v2\/categories?post=2023"},{"taxonomy":"post_tag","embeddable":true,"href":"https:\/\/agora.xtec.cat\/escolamestralvilanova\/wp-json\/wp\/v2\/tags?post=2023"}],"curies":[{"name":"wp","href":"https:\/\/api.w.org\/{rel}","templated":true}]}}