{"id":2004,"date":"2020-01-16T13:29:26","date_gmt":"2020-01-16T12:29:26","guid":{"rendered":"http:\/\/agora.xtec.cat\/escolamestralvilanova\/?p=2004"},"modified":"2020-01-16T13:29:26","modified_gmt":"2020-01-16T12:29:26","slug":"iniciem-un-nou-projecte-recerkids","status":"publish","type":"post","link":"https:\/\/agora.xtec.cat\/escolamestralvilanova\/portada\/iniciem-un-nou-projecte-recerkids\/","title":{"rendered":"INICIEM UN NOU PROJECTE: RECERKIDS!"},"content":{"rendered":"<p>Els nens i nens de cinqu\u00e8 iniciem un nou projecte de ci\u00e8ncia anomenat<strong> RECERKIDS<\/strong>!<\/p>\n<p>Recerkids \u00e9s una iniciativa impulsada per la Direcci\u00f3 de Recerca dins del seu programa d&#8217;activitats pedag\u00f2giques, que tenen l&#8217;objectiu de divulgar la ci\u00e8ncia a les escoles i donar a con\u00e8ixer la tasca dels centres de Recerca de Catalunya.<\/p>\n<p>El programa Recerkids es divideix en dues fases. En la primera, desenvoluparem una recerca cient\u00edfica a l\u2019aula, i en la segona presentarem els resultats en un congr\u00e9s cient\u00edfic que se celebrar\u00e0 a Lleida durant el mes de maig.<\/p>\n<p>Estem molt engrescats i amb moltes ganes d&#8217;inicial la nostra investigaci\u00f3!<\/p>\n<p><a href=\"https:\/\/agora.xtec.cat\/escolamestralvilanova\/wp-content\/uploads\/usu729\/2020\/01\/IMG_5557-1.jpg\"><img loading=\"lazy\" decoding=\"async\" class=\"alignnone size-full wp-image-2005\" src=\"https:\/\/agora.xtec.cat\/escolamestralvilanova\/wp-content\/uploads\/usu729\/2020\/01\/IMG_5557-1.jpg\" alt=\"\" width=\"640\" height=\"480\" srcset=\"https:\/\/agora.xtec.cat\/escolamestralvilanova\/wp-content\/uploads\/usu729\/2020\/01\/IMG_5557-1.jpg 640w, https:\/\/agora.xtec.cat\/escolamestralvilanova\/wp-content\/uploads\/usu729\/2020\/01\/IMG_5557-1-300x225.jpg 300w, https:\/\/agora.xtec.cat\/escolamestralvilanova\/wp-content\/uploads\/usu729\/2020\/01\/IMG_5557-1-200x150.jpg 200w\" sizes=\"auto, (max-width: 640px) 100vw, 640px\" \/><\/a><\/p>\n","protected":false},"excerpt":{"rendered":"<p>Els nens i nens de cinqu\u00e8 iniciem un nou projecte de ci\u00e8ncia anomenat RECERKIDS!<br \/>\nRecerkids \u00e9s una iniciativa impulsada per la Direcci\u00f3 de Recerca dins del seu programa d&#8217;activitats pedag\u00f2giques, que tenen l&#8217;objectiu de divulgar la ci\u00e8ncia a les escoles i donar a con\u00e8ixer la tasca&hellip;  <a href=\"https:\/\/agora.xtec.cat\/escolamestralvilanova\/portada\/iniciem-un-nou-projecte-recerkids\/\" title=\"Read INICIEM UN NOU PROJECTE: RECERKIDS!\">Llegeix m\u00e9s\u00bb<\/a><\/p>\n","protected":false},"author":1,"featured_media":1170,"comment_status":"open","ping_status":"closed","sticky":false,"template":"","format":"standard","meta":{"_bbp_topic_count":0,"_bbp_reply_count":0,"_bbp_total_topic_count":0,"_bbp_total_reply_count":0,"_bbp_voice_count":0,"_bbp_anonymous_reply_count":0,"_bbp_topic_count_hidden":0,"_bbp_reply_count_hidden":0,"_bbp_forum_subforum_count":0,"footnotes":""},"categories":[13,4,5],"tags":[],"class_list":["post-2004","post","type-post","status-publish","format-standard","has-post-thumbnail","hentry","category-cinque","category-portada","category-primaria"],"post_mailing_queue_ids":[],"_links":{"self":[{"href":"https:\/\/agora.xtec.cat\/escolamestralvilanova\/wp-json\/wp\/v2\/posts\/2004","targetHints":{"allow":["GET"]}}],"collection":[{"href":"https:\/\/agora.xtec.cat\/escolamestralvilanova\/wp-json\/wp\/v2\/posts"}],"about":[{"href":"https:\/\/agora.xtec.cat\/escolamestralvilanova\/wp-json\/wp\/v2\/types\/post"}],"author":[{"embeddable":true,"href":"https:\/\/agora.xtec.cat\/escolamestralvilanova\/wp-json\/wp\/v2\/users\/1"}],"replies":[{"embeddable":true,"href":"https:\/\/agora.xtec.cat\/escolamestralvilanova\/wp-json\/wp\/v2\/comments?post=2004"}],"version-history":[{"count":1,"href":"https:\/\/agora.xtec.cat\/escolamestralvilanova\/wp-json\/wp\/v2\/posts\/2004\/revisions"}],"predecessor-version":[{"id":2006,"href":"https:\/\/agora.xtec.cat\/escolamestralvilanova\/wp-json\/wp\/v2\/posts\/2004\/revisions\/2006"}],"wp:featuredmedia":[{"embeddable":true,"href":"https:\/\/agora.xtec.cat\/escolamestralvilanova\/wp-json\/wp\/v2\/media\/1170"}],"wp:attachment":[{"href":"https:\/\/agora.xtec.cat\/escolamestralvilanova\/wp-json\/wp\/v2\/media?parent=2004"}],"wp:term":[{"taxonomy":"category","embeddable":true,"href":"https:\/\/agora.xtec.cat\/escolamestralvilanova\/wp-json\/wp\/v2\/categories?post=2004"},{"taxonomy":"post_tag","embeddable":true,"href":"https:\/\/agora.xtec.cat\/escolamestralvilanova\/wp-json\/wp\/v2\/tags?post=2004"}],"curies":[{"name":"wp","href":"https:\/\/api.w.org\/{rel}","templated":true}]}}