{"id":1951,"date":"2019-12-19T15:16:47","date_gmt":"2019-12-19T14:16:47","guid":{"rendered":"http:\/\/agora.xtec.cat\/escolamestralvilanova\/?p=1951"},"modified":"2019-12-19T18:24:15","modified_gmt":"2019-12-19T17:24:15","slug":"concert-a-lesglesia-vella","status":"publish","type":"post","link":"https:\/\/agora.xtec.cat\/escolamestralvilanova\/general\/concert-a-lesglesia-vella\/","title":{"rendered":"CONCERT A L&#8217;ESGL\u00c9SIA VELLA"},"content":{"rendered":"<p>Avui els nens i nens de cinqu\u00e8 hem anat a fer un preg\u00f3 a l&#8217;Ajuntament del poble per anunciar que dem\u00e0, dia 20 de desembre, a les 11:30h del mat\u00ed farem una Cantada de Nadales a l&#8217;Esgl\u00e9sia Vella.<\/p>\n<p>Els diners que recaptem els destinarem a la Marat\u00f3 de TV3.<\/p>\n<p>Us hi esperem a tots i a totes!<\/p>\n<ul>\n<li><a href=\"https:\/\/photos.app.goo.gl\/hLrcJeg97Zm9Bh3v6\">ENLLA\u00c7 AL PREG\u00d3<\/a><\/li>\n<\/ul>\n<p><a href=\"https:\/\/agora.xtec.cat\/escolamestralvilanova\/wp-content\/uploads\/usu729\/2019\/12\/1568807983321.png\"><img loading=\"lazy\" decoding=\"async\" class=\"alignnone size-medium wp-image-1953\" src=\"https:\/\/agora.xtec.cat\/escolamestralvilanova\/wp-content\/uploads\/usu729\/2019\/12\/1568807983321-300x169.png\" alt=\"\" width=\"300\" height=\"169\" srcset=\"https:\/\/agora.xtec.cat\/escolamestralvilanova\/wp-content\/uploads\/usu729\/2019\/12\/1568807983321-300x169.png 300w, https:\/\/agora.xtec.cat\/escolamestralvilanova\/wp-content\/uploads\/usu729\/2019\/12\/1568807983321.png 670w\" sizes=\"auto, (max-width: 300px) 100vw, 300px\" \/><\/a><\/p>\n","protected":false},"excerpt":{"rendered":"<p>Avui els nens i nens de cinqu\u00e8 hem anat a fer un preg\u00f3 a l&#8217;Ajuntament del poble per anunciar que dem\u00e0, dia 20 de desembre, a les 11:30h del mat\u00ed farem una Cantada de Nadales a l&#8217;Esgl\u00e9sia Vella.<br \/>\nEls diners que recaptem els destinarem a la&hellip;  <a href=\"https:\/\/agora.xtec.cat\/escolamestralvilanova\/general\/concert-a-lesglesia-vella\/\" title=\"Read CONCERT A L&#8217;ESGL\u00c9SIA VELLA\">Llegeix m\u00e9s\u00bb<\/a><\/p>\n","protected":false},"author":1,"featured_media":0,"comment_status":"open","ping_status":"closed","sticky":false,"template":"","format":"standard","meta":{"_bbp_topic_count":0,"_bbp_reply_count":0,"_bbp_total_topic_count":0,"_bbp_total_reply_count":0,"_bbp_voice_count":0,"_bbp_anonymous_reply_count":0,"_bbp_topic_count_hidden":0,"_bbp_reply_count_hidden":0,"_bbp_forum_subforum_count":0,"footnotes":""},"categories":[13,11,12,15,3,14,8,9,10,59,1,2,53,4,5],"tags":[],"class_list":["post-1951","post","type-post","status-publish","format-standard","hentry","category-cinque","category-cicle-inicial","category-tercer-quart","category-cicle-superior","category-ei3-ei4-ei5","category-ei1-ei2","category-ei4","category-ei5","category-ei5-primer","category-primer-cicle-ed-infantil","category-general","category-infantil","category-lespai-musical","category-portada","category-primaria"],"post_mailing_queue_ids":[],"_links":{"self":[{"href":"https:\/\/agora.xtec.cat\/escolamestralvilanova\/wp-json\/wp\/v2\/posts\/1951","targetHints":{"allow":["GET"]}}],"collection":[{"href":"https:\/\/agora.xtec.cat\/escolamestralvilanova\/wp-json\/wp\/v2\/posts"}],"about":[{"href":"https:\/\/agora.xtec.cat\/escolamestralvilanova\/wp-json\/wp\/v2\/types\/post"}],"author":[{"embeddable":true,"href":"https:\/\/agora.xtec.cat\/escolamestralvilanova\/wp-json\/wp\/v2\/users\/1"}],"replies":[{"embeddable":true,"href":"https:\/\/agora.xtec.cat\/escolamestralvilanova\/wp-json\/wp\/v2\/comments?post=1951"}],"version-history":[{"count":1,"href":"https:\/\/agora.xtec.cat\/escolamestralvilanova\/wp-json\/wp\/v2\/posts\/1951\/revisions"}],"predecessor-version":[{"id":1954,"href":"https:\/\/agora.xtec.cat\/escolamestralvilanova\/wp-json\/wp\/v2\/posts\/1951\/revisions\/1954"}],"wp:attachment":[{"href":"https:\/\/agora.xtec.cat\/escolamestralvilanova\/wp-json\/wp\/v2\/media?parent=1951"}],"wp:term":[{"taxonomy":"category","embeddable":true,"href":"https:\/\/agora.xtec.cat\/escolamestralvilanova\/wp-json\/wp\/v2\/categories?post=1951"},{"taxonomy":"post_tag","embeddable":true,"href":"https:\/\/agora.xtec.cat\/escolamestralvilanova\/wp-json\/wp\/v2\/tags?post=1951"}],"curies":[{"name":"wp","href":"https:\/\/api.w.org\/{rel}","templated":true}]}}