{"id":1947,"date":"2019-12-18T15:50:26","date_gmt":"2019-12-18T14:50:26","guid":{"rendered":"http:\/\/agora.xtec.cat\/escolamestralvilanova\/?p=1947"},"modified":"2019-12-18T15:50:54","modified_gmt":"2019-12-18T14:50:54","slug":"cantem-a-la-residencia-2","status":"publish","type":"post","link":"https:\/\/agora.xtec.cat\/escolamestralvilanova\/portada\/cantem-a-la-residencia-2\/","title":{"rendered":"CANTEM A LA RESID\u00c8NCIA"},"content":{"rendered":"<p>Avui els nens i nenes de l&#8217;escola, a partir de Cicle Mitj\u00e0, hem anat a cantar a la Resid\u00e8ncia Sant Roc a cantar Nadales i a compartir amb els m\u00e9s grans un moment molt emotiu.<\/p>\n<p>Ens ho hem passat molt b\u00e9 i ens agrada molt poder compartir amb els padrins\/es del poble aquests moments.<\/p>\n<p>Esperem que passin unes molt Bones Festes!<\/p>\n<p><a href=\"https:\/\/photos.app.goo.gl\/KfKX6TxdLDkH9cCi6\"><img loading=\"lazy\" decoding=\"async\" class=\"alignnone size-medium wp-image-1948\" src=\"https:\/\/agora.xtec.cat\/escolamestralvilanova\/wp-content\/uploads\/usu729\/2019\/12\/IMG_7629-300x225.jpg\" alt=\"\" width=\"300\" height=\"225\" srcset=\"https:\/\/agora.xtec.cat\/escolamestralvilanova\/wp-content\/uploads\/usu729\/2019\/12\/IMG_7629-300x225.jpg 300w, https:\/\/agora.xtec.cat\/escolamestralvilanova\/wp-content\/uploads\/usu729\/2019\/12\/IMG_7629-200x150.jpg 200w, https:\/\/agora.xtec.cat\/escolamestralvilanova\/wp-content\/uploads\/usu729\/2019\/12\/IMG_7629.jpg 640w\" sizes=\"auto, (max-width: 300px) 100vw, 300px\" \/><\/a><\/p>\n<ul>\n<li><a href=\"https:\/\/photos.app.goo.gl\/KfKX6TxdLDkH9cCi6\">ENLLA\u00c7 A LES FOTOGRAFIES<\/a><\/li>\n<\/ul>\n","protected":false},"excerpt":{"rendered":"<p>Avui els nens i nenes de l&#8217;escola, a partir de Cicle Mitj\u00e0, hem anat a cantar a la Resid\u00e8ncia Sant Roc a cantar Nadales i a compartir amb els m\u00e9s grans un moment molt emotiu.<br \/>\nEns ho hem passat molt b\u00e9 i ens agrada molt poder&hellip;  <a href=\"https:\/\/agora.xtec.cat\/escolamestralvilanova\/portada\/cantem-a-la-residencia-2\/\" title=\"Read CANTEM A LA RESID\u00c8NCIA\">Llegeix m\u00e9s\u00bb<\/a><\/p>\n","protected":false},"author":1,"featured_media":0,"comment_status":"open","ping_status":"closed","sticky":false,"template":"","format":"standard","meta":{"_bbp_topic_count":0,"_bbp_reply_count":0,"_bbp_total_topic_count":0,"_bbp_total_reply_count":0,"_bbp_voice_count":0,"_bbp_anonymous_reply_count":0,"_bbp_topic_count_hidden":0,"_bbp_reply_count_hidden":0,"_bbp_forum_subforum_count":0,"footnotes":""},"categories":[13,11,12,15,4,5],"tags":[],"class_list":["post-1947","post","type-post","status-publish","format-standard","hentry","category-cinque","category-cicle-inicial","category-tercer-quart","category-cicle-superior","category-portada","category-primaria"],"post_mailing_queue_ids":[],"_links":{"self":[{"href":"https:\/\/agora.xtec.cat\/escolamestralvilanova\/wp-json\/wp\/v2\/posts\/1947","targetHints":{"allow":["GET"]}}],"collection":[{"href":"https:\/\/agora.xtec.cat\/escolamestralvilanova\/wp-json\/wp\/v2\/posts"}],"about":[{"href":"https:\/\/agora.xtec.cat\/escolamestralvilanova\/wp-json\/wp\/v2\/types\/post"}],"author":[{"embeddable":true,"href":"https:\/\/agora.xtec.cat\/escolamestralvilanova\/wp-json\/wp\/v2\/users\/1"}],"replies":[{"embeddable":true,"href":"https:\/\/agora.xtec.cat\/escolamestralvilanova\/wp-json\/wp\/v2\/comments?post=1947"}],"version-history":[{"count":2,"href":"https:\/\/agora.xtec.cat\/escolamestralvilanova\/wp-json\/wp\/v2\/posts\/1947\/revisions"}],"predecessor-version":[{"id":1950,"href":"https:\/\/agora.xtec.cat\/escolamestralvilanova\/wp-json\/wp\/v2\/posts\/1947\/revisions\/1950"}],"wp:attachment":[{"href":"https:\/\/agora.xtec.cat\/escolamestralvilanova\/wp-json\/wp\/v2\/media?parent=1947"}],"wp:term":[{"taxonomy":"category","embeddable":true,"href":"https:\/\/agora.xtec.cat\/escolamestralvilanova\/wp-json\/wp\/v2\/categories?post=1947"},{"taxonomy":"post_tag","embeddable":true,"href":"https:\/\/agora.xtec.cat\/escolamestralvilanova\/wp-json\/wp\/v2\/tags?post=1947"}],"curies":[{"name":"wp","href":"https:\/\/api.w.org\/{rel}","templated":true}]}}