{"id":1935,"date":"2019-12-16T17:03:12","date_gmt":"2019-12-16T16:03:12","guid":{"rendered":"http:\/\/agora.xtec.cat\/escolamestralvilanova\/?p=1935"},"modified":"2020-01-24T15:32:27","modified_gmt":"2020-01-24T14:32:27","slug":"arriba-el-tio","status":"publish","type":"post","link":"https:\/\/agora.xtec.cat\/escolamestralvilanova\/infantil\/arriba-el-tio\/","title":{"rendered":"HA ARRIBAT EL TI\u00d3"},"content":{"rendered":"<p>Avui per la tarda ens hem endut una gran sorpresa, ha arribat el TI\u00d3 de Nadal!!!<\/p>\n<p>Abans per\u00f2, hem fet un joc, ja que ens ha enviat una carta per tal que l&#8217;an\u00e9ssim a buscar, estava tot calent\u00f3 al bar de les piscines&#8230;<\/p>\n<p>Ara li haurem de donar menjar per tal que el divendres ens cagui uns bons regalets&#8230;<\/p>\n<ul>\n<li><a href=\"https:\/\/photos.app.goo.gl\/eJZBAoBHtEEJ1Jh16\">ENLLA\u00c7 A LES FOTOGRAFIES<\/a><\/li>\n<li><a href=\"https:\/\/photos.app.goo.gl\/eJZBAoBHtEEJ1Jh16\">FOTOGRAFIES ED. INFANTIL<\/a><\/li>\n<\/ul>\n<p><a href=\"https:\/\/agora.xtec.cat\/escolamestralvilanova\/wp-content\/uploads\/usu729\/2019\/12\/IMG_20191216_155211.jpg\"><img loading=\"lazy\" decoding=\"async\" class=\"alignnone size-medium wp-image-1936\" src=\"https:\/\/agora.xtec.cat\/escolamestralvilanova\/wp-content\/uploads\/usu729\/2019\/12\/IMG_20191216_155211-300x225.jpg\" alt=\"\" width=\"300\" height=\"225\" srcset=\"https:\/\/agora.xtec.cat\/escolamestralvilanova\/wp-content\/uploads\/usu729\/2019\/12\/IMG_20191216_155211-300x225.jpg 300w, https:\/\/agora.xtec.cat\/escolamestralvilanova\/wp-content\/uploads\/usu729\/2019\/12\/IMG_20191216_155211-200x150.jpg 200w, https:\/\/agora.xtec.cat\/escolamestralvilanova\/wp-content\/uploads\/usu729\/2019\/12\/IMG_20191216_155211.jpg 640w\" sizes=\"auto, (max-width: 300px) 100vw, 300px\" \/><\/a><\/p>\n","protected":false},"excerpt":{"rendered":"<p>Avui per la tarda ens hem endut una gran sorpresa, ha arribat el TI\u00d3 de Nadal!!!<br \/>\nAbans per\u00f2, hem fet un joc, ja que ens ha enviat una carta per tal que l&#8217;an\u00e9ssim a buscar, estava tot calent\u00f3 al bar de les piscines&#8230;<br \/>\nAra li haurem de&hellip;  <a href=\"https:\/\/agora.xtec.cat\/escolamestralvilanova\/infantil\/arriba-el-tio\/\" title=\"Read HA ARRIBAT EL TI\u00d3\">Llegeix m\u00e9s\u00bb<\/a><\/p>\n","protected":false},"author":1,"featured_media":0,"comment_status":"open","ping_status":"closed","sticky":false,"template":"","format":"standard","meta":{"_bbp_topic_count":0,"_bbp_reply_count":0,"_bbp_total_topic_count":0,"_bbp_total_reply_count":0,"_bbp_voice_count":0,"_bbp_anonymous_reply_count":0,"_bbp_topic_count_hidden":0,"_bbp_reply_count_hidden":0,"_bbp_forum_subforum_count":0,"footnotes":""},"categories":[3,14,8,9,10,59,2,4],"tags":[],"class_list":["post-1935","post","type-post","status-publish","format-standard","hentry","category-ei3-ei4-ei5","category-ei1-ei2","category-ei4","category-ei5","category-ei5-primer","category-primer-cicle-ed-infantil","category-infantil","category-portada"],"post_mailing_queue_ids":[],"_links":{"self":[{"href":"https:\/\/agora.xtec.cat\/escolamestralvilanova\/wp-json\/wp\/v2\/posts\/1935","targetHints":{"allow":["GET"]}}],"collection":[{"href":"https:\/\/agora.xtec.cat\/escolamestralvilanova\/wp-json\/wp\/v2\/posts"}],"about":[{"href":"https:\/\/agora.xtec.cat\/escolamestralvilanova\/wp-json\/wp\/v2\/types\/post"}],"author":[{"embeddable":true,"href":"https:\/\/agora.xtec.cat\/escolamestralvilanova\/wp-json\/wp\/v2\/users\/1"}],"replies":[{"embeddable":true,"href":"https:\/\/agora.xtec.cat\/escolamestralvilanova\/wp-json\/wp\/v2\/comments?post=1935"}],"version-history":[{"count":3,"href":"https:\/\/agora.xtec.cat\/escolamestralvilanova\/wp-json\/wp\/v2\/posts\/1935\/revisions"}],"predecessor-version":[{"id":2041,"href":"https:\/\/agora.xtec.cat\/escolamestralvilanova\/wp-json\/wp\/v2\/posts\/1935\/revisions\/2041"}],"wp:attachment":[{"href":"https:\/\/agora.xtec.cat\/escolamestralvilanova\/wp-json\/wp\/v2\/media?parent=1935"}],"wp:term":[{"taxonomy":"category","embeddable":true,"href":"https:\/\/agora.xtec.cat\/escolamestralvilanova\/wp-json\/wp\/v2\/categories?post=1935"},{"taxonomy":"post_tag","embeddable":true,"href":"https:\/\/agora.xtec.cat\/escolamestralvilanova\/wp-json\/wp\/v2\/tags?post=1935"}],"curies":[{"name":"wp","href":"https:\/\/api.w.org\/{rel}","templated":true}]}}