{"id":1912,"date":"2019-11-22T16:09:07","date_gmt":"2019-11-22T15:09:07","guid":{"rendered":"http:\/\/agora.xtec.cat\/escolamestralvilanova\/?p=1912"},"modified":"2019-11-22T13:41:34","modified_gmt":"2019-11-22T12:41:34","slug":"concert-de-la-jop","status":"publish","type":"post","link":"https:\/\/agora.xtec.cat\/escolamestralvilanova\/portada\/concert-de-la-jop\/","title":{"rendered":"CONCERT DE LA JOP"},"content":{"rendered":"<p>El proper diumenge 24 de novembre a les 18:30 hores la Jove Orquestra de Ponent realitzar\u00e0 un concert a l&#8217;Esgl\u00e9sia del poble: &#8220;CHOPIN: ENTRE VARSOVIA I PAR\u00cdS&#8221;.<\/p>\n<p>En el marc de les activitats organitzades per aquesta setmana LA SETMANA DE LA M\u00daSICA, ser\u00e0 una bona oportunitat per gaudir d&#8217;un concert de m\u00fasica cl\u00e0ssica en directe en el qual s&#8217;interpretaran obres de Chopin, Satie, Debussy, Magnard i Milhaud.<\/p>\n<p>Us hi esperem!<\/p>\n<p><a href=\"https:\/\/agora.xtec.cat\/escolamestralvilanova\/wp-content\/uploads\/usu729\/2019\/11\/2019-11-13_CARTELL_CANVI-HORARI-CONCERT_JPG-1-1.jpg\"><img loading=\"lazy\" decoding=\"async\" class=\"alignnone size-medium wp-image-1913\" src=\"https:\/\/agora.xtec.cat\/escolamestralvilanova\/wp-content\/uploads\/usu729\/2019\/11\/2019-11-13_CARTELL_CANVI-HORARI-CONCERT_JPG-1-1-225x300.jpg\" alt=\"\" width=\"225\" height=\"300\" srcset=\"https:\/\/agora.xtec.cat\/escolamestralvilanova\/wp-content\/uploads\/usu729\/2019\/11\/2019-11-13_CARTELL_CANVI-HORARI-CONCERT_JPG-1-1-225x300.jpg 225w, https:\/\/agora.xtec.cat\/escolamestralvilanova\/wp-content\/uploads\/usu729\/2019\/11\/2019-11-13_CARTELL_CANVI-HORARI-CONCERT_JPG-1-1-768x1024.jpg 768w, https:\/\/agora.xtec.cat\/escolamestralvilanova\/wp-content\/uploads\/usu729\/2019\/11\/2019-11-13_CARTELL_CANVI-HORARI-CONCERT_JPG-1-1.jpg 1008w\" sizes=\"auto, (max-width: 225px) 100vw, 225px\" \/><\/a><\/p>\n","protected":false},"excerpt":{"rendered":"<p>El proper diumenge 24 de novembre a les 18:30 hores la Jove Orquestra de Ponent realitzar\u00e0 un concert a l&#8217;Esgl\u00e9sia del poble: &#8220;CHOPIN: ENTRE VARSOVIA I PAR\u00cdS&#8221;.<br \/>\nEn el marc de les activitats organitzades per aquesta setmana LA SETMANA DE LA M\u00daSICA, ser\u00e0 una bona oportunitat&hellip;  <a href=\"https:\/\/agora.xtec.cat\/escolamestralvilanova\/portada\/concert-de-la-jop\/\" title=\"Read CONCERT DE LA JOP\">Llegeix m\u00e9s\u00bb<\/a><\/p>\n","protected":false},"author":1,"featured_media":0,"comment_status":"open","ping_status":"closed","sticky":false,"template":"","format":"standard","meta":{"_bbp_topic_count":0,"_bbp_reply_count":0,"_bbp_total_topic_count":0,"_bbp_total_reply_count":0,"_bbp_voice_count":0,"_bbp_anonymous_reply_count":0,"_bbp_topic_count_hidden":0,"_bbp_reply_count_hidden":0,"_bbp_forum_subforum_count":0,"footnotes":""},"categories":[53,4],"tags":[],"class_list":["post-1912","post","type-post","status-publish","format-standard","hentry","category-lespai-musical","category-portada"],"post_mailing_queue_ids":[],"_links":{"self":[{"href":"https:\/\/agora.xtec.cat\/escolamestralvilanova\/wp-json\/wp\/v2\/posts\/1912","targetHints":{"allow":["GET"]}}],"collection":[{"href":"https:\/\/agora.xtec.cat\/escolamestralvilanova\/wp-json\/wp\/v2\/posts"}],"about":[{"href":"https:\/\/agora.xtec.cat\/escolamestralvilanova\/wp-json\/wp\/v2\/types\/post"}],"author":[{"embeddable":true,"href":"https:\/\/agora.xtec.cat\/escolamestralvilanova\/wp-json\/wp\/v2\/users\/1"}],"replies":[{"embeddable":true,"href":"https:\/\/agora.xtec.cat\/escolamestralvilanova\/wp-json\/wp\/v2\/comments?post=1912"}],"version-history":[{"count":1,"href":"https:\/\/agora.xtec.cat\/escolamestralvilanova\/wp-json\/wp\/v2\/posts\/1912\/revisions"}],"predecessor-version":[{"id":1914,"href":"https:\/\/agora.xtec.cat\/escolamestralvilanova\/wp-json\/wp\/v2\/posts\/1912\/revisions\/1914"}],"wp:attachment":[{"href":"https:\/\/agora.xtec.cat\/escolamestralvilanova\/wp-json\/wp\/v2\/media?parent=1912"}],"wp:term":[{"taxonomy":"category","embeddable":true,"href":"https:\/\/agora.xtec.cat\/escolamestralvilanova\/wp-json\/wp\/v2\/categories?post=1912"},{"taxonomy":"post_tag","embeddable":true,"href":"https:\/\/agora.xtec.cat\/escolamestralvilanova\/wp-json\/wp\/v2\/tags?post=1912"}],"curies":[{"name":"wp","href":"https:\/\/api.w.org\/{rel}","templated":true}]}}