{"id":1890,"date":"2019-11-21T12:04:59","date_gmt":"2019-11-21T11:04:59","guid":{"rendered":"http:\/\/agora.xtec.cat\/escolamestralvilanova\/?p=1890"},"modified":"2019-11-21T17:58:49","modified_gmt":"2019-11-21T16:58:49","slug":"ens-visita-lamadeu","status":"publish","type":"post","link":"https:\/\/agora.xtec.cat\/escolamestralvilanova\/infantil\/ens-visita-lamadeu\/","title":{"rendered":"ENS VISITA L&#8217;AMADEU"},"content":{"rendered":"<p>Avui hem tingut la gran sort de rebre la visita de l&#8217;Amadeu, un ve\u00ed del poble que ens ha fet un petit concert amb la seva guitarra.<\/p>\n<p>L&#8217;Amadeu ens ha explicat que d&#8217;en\u00e7\u00e0 que va comen\u00e7ar a tocar la guitarra, als 9 anys, ell mai ha rebut classes de guitarra sin\u00f2 que ha apr\u00e8s d&#8217;o\u00efda i que al llarg de la seva vida ha anat aprenent diferents can\u00e7ons.<\/p>\n<p>Hem gaudit molt del seu concert, per aix\u00f2 esperem que algun dia torni a l&#8217;escola!<\/p>\n<p>Moltes gr\u00e0cies Amadeu!<\/p>\n<ul>\n<li><a href=\"https:\/\/photos.app.goo.gl\/AQnyReWTS5WfRiF46\">ENLLA\u00c7 A LES FOTOGRAFIES<\/a><\/li>\n<\/ul>\n<p><a href=\"https:\/\/photos.app.goo.gl\/AQnyReWTS5WfRiF46\"><img loading=\"lazy\" decoding=\"async\" class=\"alignnone size-medium wp-image-1891\" src=\"https:\/\/agora.xtec.cat\/escolamestralvilanova\/wp-content\/uploads\/usu729\/2019\/11\/AMADEU-225x300.jpg\" alt=\"\" width=\"225\" height=\"300\" srcset=\"https:\/\/agora.xtec.cat\/escolamestralvilanova\/wp-content\/uploads\/usu729\/2019\/11\/AMADEU-225x300.jpg 225w, https:\/\/agora.xtec.cat\/escolamestralvilanova\/wp-content\/uploads\/usu729\/2019\/11\/AMADEU.jpg 480w\" sizes=\"auto, (max-width: 225px) 100vw, 225px\" \/><\/a><\/p>\n","protected":false},"excerpt":{"rendered":"<p>Avui hem tingut la gran sort de rebre la visita de l&#8217;Amadeu, un ve\u00ed del poble que ens ha fet un petit concert amb la seva guitarra.<br \/>\nL&#8217;Amadeu ens ha explicat que d&#8217;en\u00e7\u00e0 que va comen\u00e7ar a tocar la guitarra, als 9 anys, ell mai ha&hellip;  <a href=\"https:\/\/agora.xtec.cat\/escolamestralvilanova\/infantil\/ens-visita-lamadeu\/\" title=\"Read ENS VISITA L&#8217;AMADEU\">Llegeix m\u00e9s\u00bb<\/a><\/p>\n","protected":false},"author":1,"featured_media":0,"comment_status":"open","ping_status":"closed","sticky":false,"template":"","format":"standard","meta":{"_bbp_topic_count":0,"_bbp_reply_count":0,"_bbp_total_topic_count":0,"_bbp_total_reply_count":0,"_bbp_voice_count":0,"_bbp_anonymous_reply_count":0,"_bbp_topic_count_hidden":0,"_bbp_reply_count_hidden":0,"_bbp_forum_subforum_count":0,"footnotes":""},"categories":[13,11,12,15,3,14,8,9,2,53,4,5],"tags":[],"class_list":["post-1890","post","type-post","status-publish","format-standard","hentry","category-cinque","category-cicle-inicial","category-tercer-quart","category-cicle-superior","category-ei3-ei4-ei5","category-ei1-ei2","category-ei4","category-ei5","category-infantil","category-lespai-musical","category-portada","category-primaria"],"post_mailing_queue_ids":[],"_links":{"self":[{"href":"https:\/\/agora.xtec.cat\/escolamestralvilanova\/wp-json\/wp\/v2\/posts\/1890","targetHints":{"allow":["GET"]}}],"collection":[{"href":"https:\/\/agora.xtec.cat\/escolamestralvilanova\/wp-json\/wp\/v2\/posts"}],"about":[{"href":"https:\/\/agora.xtec.cat\/escolamestralvilanova\/wp-json\/wp\/v2\/types\/post"}],"author":[{"embeddable":true,"href":"https:\/\/agora.xtec.cat\/escolamestralvilanova\/wp-json\/wp\/v2\/users\/1"}],"replies":[{"embeddable":true,"href":"https:\/\/agora.xtec.cat\/escolamestralvilanova\/wp-json\/wp\/v2\/comments?post=1890"}],"version-history":[{"count":2,"href":"https:\/\/agora.xtec.cat\/escolamestralvilanova\/wp-json\/wp\/v2\/posts\/1890\/revisions"}],"predecessor-version":[{"id":1902,"href":"https:\/\/agora.xtec.cat\/escolamestralvilanova\/wp-json\/wp\/v2\/posts\/1890\/revisions\/1902"}],"wp:attachment":[{"href":"https:\/\/agora.xtec.cat\/escolamestralvilanova\/wp-json\/wp\/v2\/media?parent=1890"}],"wp:term":[{"taxonomy":"category","embeddable":true,"href":"https:\/\/agora.xtec.cat\/escolamestralvilanova\/wp-json\/wp\/v2\/categories?post=1890"},{"taxonomy":"post_tag","embeddable":true,"href":"https:\/\/agora.xtec.cat\/escolamestralvilanova\/wp-json\/wp\/v2\/tags?post=1890"}],"curies":[{"name":"wp","href":"https:\/\/api.w.org\/{rel}","templated":true}]}}