{"id":1880,"date":"2019-11-21T08:50:32","date_gmt":"2019-11-21T07:50:32","guid":{"rendered":"http:\/\/agora.xtec.cat\/escolamestralvilanova\/?p=1880"},"modified":"2019-11-21T17:57:41","modified_gmt":"2019-11-21T16:57:41","slug":"lacordio","status":"publish","type":"post","link":"https:\/\/agora.xtec.cat\/escolamestralvilanova\/general\/lacordio\/","title":{"rendered":"L&#8217;ACORDI\u00d3"},"content":{"rendered":"<p>Ahir, el Toni, el nostre de mestre de m\u00fasica, ens va ensenyar l&#8217;acordi\u00f3, l&#8217;instrument que toca des de ben petit. Ens va agradar molt, ja que ens va explicar les seves caracter\u00edstiques i finalment en va fer una audici\u00f3. Tamb\u00e9 la vam poder tocar!<\/p>\n<p>Moltes gr\u00e0cies Toni!<\/p>\n<ul>\n<li><a href=\"https:\/\/photos.app.goo.gl\/BqJwnqWvkhiMZPTC7\">ENLLA\u00c7 A LES FOTOGRAFIES<\/a><\/li>\n<\/ul>\n<p><a href=\"https:\/\/photos.app.goo.gl\/BqJwnqWvkhiMZPTC7\"><img loading=\"lazy\" decoding=\"async\" class=\"alignnone size-medium wp-image-1883\" src=\"https:\/\/agora.xtec.cat\/escolamestralvilanova\/wp-content\/uploads\/usu729\/2019\/11\/5d1a35b4-776a-4678-afb9-52d6201d9843-225x300.jpeg\" alt=\"\" width=\"225\" height=\"300\" srcset=\"https:\/\/agora.xtec.cat\/escolamestralvilanova\/wp-content\/uploads\/usu729\/2019\/11\/5d1a35b4-776a-4678-afb9-52d6201d9843-225x300.jpeg 225w, https:\/\/agora.xtec.cat\/escolamestralvilanova\/wp-content\/uploads\/usu729\/2019\/11\/5d1a35b4-776a-4678-afb9-52d6201d9843-768x1024.jpeg 768w, https:\/\/agora.xtec.cat\/escolamestralvilanova\/wp-content\/uploads\/usu729\/2019\/11\/5d1a35b4-776a-4678-afb9-52d6201d9843.jpeg 1000w\" sizes=\"auto, (max-width: 225px) 100vw, 225px\" \/><\/a><\/p>\n","protected":false},"excerpt":{"rendered":"<p>Ahir, el Toni, el nostre de mestre de m\u00fasica, ens va ensenyar l&#8217;acordi\u00f3, l&#8217;instrument que toca des de ben petit. Ens va agradar molt, ja que ens va explicar les seves caracter\u00edstiques i finalment en va fer una audici\u00f3. Tamb\u00e9 la vam poder tocar!<br \/>\nMoltes gr\u00e0cies&hellip;  <a href=\"https:\/\/agora.xtec.cat\/escolamestralvilanova\/general\/lacordio\/\" title=\"Read L&#8217;ACORDI\u00d3\">Llegeix m\u00e9s\u00bb<\/a><\/p>\n","protected":false},"author":1,"featured_media":0,"comment_status":"open","ping_status":"closed","sticky":false,"template":"","format":"standard","meta":{"_bbp_topic_count":0,"_bbp_reply_count":0,"_bbp_total_topic_count":0,"_bbp_total_reply_count":0,"_bbp_voice_count":0,"_bbp_anonymous_reply_count":0,"_bbp_topic_count_hidden":0,"_bbp_reply_count_hidden":0,"_bbp_forum_subforum_count":0,"footnotes":""},"categories":[13,11,12,15,3,14,8,9,10,1,2,53,4,5],"tags":[],"class_list":["post-1880","post","type-post","status-publish","format-standard","hentry","category-cinque","category-cicle-inicial","category-tercer-quart","category-cicle-superior","category-ei3-ei4-ei5","category-ei1-ei2","category-ei4","category-ei5","category-ei5-primer","category-general","category-infantil","category-lespai-musical","category-portada","category-primaria"],"post_mailing_queue_ids":[],"_links":{"self":[{"href":"https:\/\/agora.xtec.cat\/escolamestralvilanova\/wp-json\/wp\/v2\/posts\/1880","targetHints":{"allow":["GET"]}}],"collection":[{"href":"https:\/\/agora.xtec.cat\/escolamestralvilanova\/wp-json\/wp\/v2\/posts"}],"about":[{"href":"https:\/\/agora.xtec.cat\/escolamestralvilanova\/wp-json\/wp\/v2\/types\/post"}],"author":[{"embeddable":true,"href":"https:\/\/agora.xtec.cat\/escolamestralvilanova\/wp-json\/wp\/v2\/users\/1"}],"replies":[{"embeddable":true,"href":"https:\/\/agora.xtec.cat\/escolamestralvilanova\/wp-json\/wp\/v2\/comments?post=1880"}],"version-history":[{"count":3,"href":"https:\/\/agora.xtec.cat\/escolamestralvilanova\/wp-json\/wp\/v2\/posts\/1880\/revisions"}],"predecessor-version":[{"id":1901,"href":"https:\/\/agora.xtec.cat\/escolamestralvilanova\/wp-json\/wp\/v2\/posts\/1880\/revisions\/1901"}],"wp:attachment":[{"href":"https:\/\/agora.xtec.cat\/escolamestralvilanova\/wp-json\/wp\/v2\/media?parent=1880"}],"wp:term":[{"taxonomy":"category","embeddable":true,"href":"https:\/\/agora.xtec.cat\/escolamestralvilanova\/wp-json\/wp\/v2\/categories?post=1880"},{"taxonomy":"post_tag","embeddable":true,"href":"https:\/\/agora.xtec.cat\/escolamestralvilanova\/wp-json\/wp\/v2\/tags?post=1880"}],"curies":[{"name":"wp","href":"https:\/\/api.w.org\/{rel}","templated":true}]}}