{"id":1870,"date":"2019-11-20T09:00:04","date_gmt":"2019-11-20T08:00:04","guid":{"rendered":"http:\/\/agora.xtec.cat\/escolamestralvilanova\/?p=1870"},"modified":"2019-11-19T21:51:18","modified_gmt":"2019-11-19T20:51:18","slug":"taller-de-musica-chopin-i-el-piano","status":"publish","type":"post","link":"https:\/\/agora.xtec.cat\/escolamestralvilanova\/general\/taller-de-musica-chopin-i-el-piano\/","title":{"rendered":"TALLER DE M\u00daSICA: CHOPIN I EL PIANO"},"content":{"rendered":"<p>Ahir la Maria Altadill, m\u00fasic i mestra de l&#8217;Escola de M\u00fasica Dalcroze ens ha realitzat un taller sobre Fr\u00e9d\u00e9ric Chopin i el piano.<\/p>\n<p>Durant aquesta sessi\u00f3 ens ha explicat aspectes rellevants sobre la seva vida i obra, aix\u00ed com hem pogut gaudir d&#8217;alguna de les seves obres musicals.<\/p>\n<p>Per \u00faltim, tamb\u00e9 ens ha presentat la pe\u00e7a musical &#8220;Concert n\u00fam. 1&#8221; de F.Chopin que interpretar\u00e0 la Jove Orquestra de Ponent en el concert que es realitzar\u00e0 al nostre poble el proper diumenge 24 a les 18:30 hores.<\/p>\n<p>Moltes gr\u00e0cies Maria!!!<\/p>\n<ul>\n<li><a href=\"https:\/\/photos.app.goo.gl\/rw1kafHfyABcJu5e9\">ENLLA\u00c7 A LES FOTOTGRAFIES<\/a><\/li>\n<\/ul>\n<p><a href=\"https:\/\/agora.xtec.cat\/escolamestralvilanova\/wp-content\/uploads\/usu729\/2019\/11\/75003ab27d4581de914c43be5efb4ea6.jpg\"><img loading=\"lazy\" decoding=\"async\" class=\"alignnone size-medium wp-image-1875\" src=\"https:\/\/agora.xtec.cat\/escolamestralvilanova\/wp-content\/uploads\/usu729\/2019\/11\/75003ab27d4581de914c43be5efb4ea6-211x300.jpg\" alt=\"\" width=\"211\" height=\"300\" srcset=\"https:\/\/agora.xtec.cat\/escolamestralvilanova\/wp-content\/uploads\/usu729\/2019\/11\/75003ab27d4581de914c43be5efb4ea6-211x300.jpg 211w, https:\/\/agora.xtec.cat\/escolamestralvilanova\/wp-content\/uploads\/usu729\/2019\/11\/75003ab27d4581de914c43be5efb4ea6.jpg 334w\" sizes=\"auto, (max-width: 211px) 100vw, 211px\" \/><\/a><\/p>\n","protected":false},"excerpt":{"rendered":"<p>Ahir la Maria Altadill, m\u00fasic i mestra de l&#8217;Escola de M\u00fasica Dalcroze ens ha realitzat un taller sobre Fr\u00e9d\u00e9ric Chopin i el piano.<br \/>\nDurant aquesta sessi\u00f3 ens ha explicat aspectes rellevants sobre la seva vida i obra, aix\u00ed com hem pogut gaudir d&#8217;alguna de les seves&hellip;  <a href=\"https:\/\/agora.xtec.cat\/escolamestralvilanova\/general\/taller-de-musica-chopin-i-el-piano\/\" title=\"Read TALLER DE M\u00daSICA: CHOPIN I EL PIANO\">Llegeix m\u00e9s\u00bb<\/a><\/p>\n","protected":false},"author":1,"featured_media":0,"comment_status":"open","ping_status":"closed","sticky":false,"template":"","format":"standard","meta":{"_bbp_topic_count":0,"_bbp_reply_count":0,"_bbp_total_topic_count":0,"_bbp_total_reply_count":0,"_bbp_voice_count":0,"_bbp_anonymous_reply_count":0,"_bbp_topic_count_hidden":0,"_bbp_reply_count_hidden":0,"_bbp_forum_subforum_count":0,"footnotes":""},"categories":[13,11,12,15,10,1,53,4,5],"tags":[],"class_list":["post-1870","post","type-post","status-publish","format-standard","hentry","category-cinque","category-cicle-inicial","category-tercer-quart","category-cicle-superior","category-ei5-primer","category-general","category-lespai-musical","category-portada","category-primaria"],"post_mailing_queue_ids":[],"_links":{"self":[{"href":"https:\/\/agora.xtec.cat\/escolamestralvilanova\/wp-json\/wp\/v2\/posts\/1870","targetHints":{"allow":["GET"]}}],"collection":[{"href":"https:\/\/agora.xtec.cat\/escolamestralvilanova\/wp-json\/wp\/v2\/posts"}],"about":[{"href":"https:\/\/agora.xtec.cat\/escolamestralvilanova\/wp-json\/wp\/v2\/types\/post"}],"author":[{"embeddable":true,"href":"https:\/\/agora.xtec.cat\/escolamestralvilanova\/wp-json\/wp\/v2\/users\/1"}],"replies":[{"embeddable":true,"href":"https:\/\/agora.xtec.cat\/escolamestralvilanova\/wp-json\/wp\/v2\/comments?post=1870"}],"version-history":[{"count":1,"href":"https:\/\/agora.xtec.cat\/escolamestralvilanova\/wp-json\/wp\/v2\/posts\/1870\/revisions"}],"predecessor-version":[{"id":1876,"href":"https:\/\/agora.xtec.cat\/escolamestralvilanova\/wp-json\/wp\/v2\/posts\/1870\/revisions\/1876"}],"wp:attachment":[{"href":"https:\/\/agora.xtec.cat\/escolamestralvilanova\/wp-json\/wp\/v2\/media?parent=1870"}],"wp:term":[{"taxonomy":"category","embeddable":true,"href":"https:\/\/agora.xtec.cat\/escolamestralvilanova\/wp-json\/wp\/v2\/categories?post=1870"},{"taxonomy":"post_tag","embeddable":true,"href":"https:\/\/agora.xtec.cat\/escolamestralvilanova\/wp-json\/wp\/v2\/tags?post=1870"}],"curies":[{"name":"wp","href":"https:\/\/api.w.org\/{rel}","templated":true}]}}