{"id":1867,"date":"2019-11-18T13:57:31","date_gmt":"2019-11-18T12:57:31","guid":{"rendered":"http:\/\/agora.xtec.cat\/escolamestralvilanova\/?p=1867"},"modified":"2019-11-19T21:15:04","modified_gmt":"2019-11-19T20:15:04","slug":"ii-setmana-de-la-musica","status":"publish","type":"post","link":"https:\/\/agora.xtec.cat\/escolamestralvilanova\/infantil\/ii-setmana-de-la-musica\/","title":{"rendered":"II SETMANA DE LA M\u00daSICA"},"content":{"rendered":"<p class=\"gmail_default\">Al llarg d&#8217;aquesta setmana celebrem la Segona edici\u00f3 de la nostra &#8220;Setmana de la M\u00fasica&#8221;.<\/p>\n<div class=\"gmail_default\">\n<p>Durant aquesta setmana, del 19 al 22 de novembre, tots els nens i nenes de l\u2019escola participarem d&#8217;una setmana on la m\u00fasica ser\u00e0 la gran protagonista.<\/p>\n<p>Aix\u00ed, durant la setmana realitzarem diferents activitats relacionades amb el m\u00f3n de la m\u00fasica:<\/p>\n<ul style=\"list-style-type: disc;\">\n<li>Taller: <i>&#8220;Chopin i el piano&#8221;<\/i> a c\u00e0rrec de la m\u00fasic i mestra de l\u2019Escola Dalcroze de Lleida, Maria Altadill<\/li>\n<li>Concert a c\u00e0rrec dels alumnes de l\u2019escola<\/li>\n<li>Taller: &#8221; La guitarra&#8221; a c\u00e0rrec del m\u00fasic Oriol de l&#8217;Escola Dalcroze<\/li>\n<li>Taller: &#8220;L&#8217;acordi\u00f3&#8221; a c\u00e0rrec del m\u00fasic i mestre de l&#8217;escola Toni Castells<\/li>\n<li>&#8220;M\u00fasics del nostre poble&#8221;<\/li>\n<li>La meva joguina musical<\/li>\n<li>Fil musical tem\u00e0tic (cl\u00e0ssica, pel\u00b7l\u00edcules, bandes de rock, comercial, etc.)<\/li>\n<li>Concert a c\u00e0rrec de la JOP, a l&#8217;Esgl\u00e9sia del poble, el diumenge 24 de novembre<\/li>\n<\/ul>\n<p>Esperem que sigui tot un \u00e8xit!!!<\/p>\n<figure class=\"figure wp-caption alignright\"><a href=\"https:\/\/agora.xtec.cat\/escolamestralvilanova\/wp-content\/uploads\/usu729\/2019\/11\/cartell-musica.jpg\"><img loading=\"lazy\" decoding=\"async\" class=\"wp-image-1868 size-medium\" src=\"https:\/\/agora.xtec.cat\/escolamestralvilanova\/wp-content\/uploads\/usu729\/2019\/11\/cartell-musica-300x225.jpg\" alt=\"\" width=\"300\" height=\"225\" srcset=\"https:\/\/agora.xtec.cat\/escolamestralvilanova\/wp-content\/uploads\/usu729\/2019\/11\/cartell-musica-300x225.jpg 300w, https:\/\/agora.xtec.cat\/escolamestralvilanova\/wp-content\/uploads\/usu729\/2019\/11\/cartell-musica-768x576.jpg 768w, https:\/\/agora.xtec.cat\/escolamestralvilanova\/wp-content\/uploads\/usu729\/2019\/11\/cartell-musica-200x150.jpg 200w, https:\/\/agora.xtec.cat\/escolamestralvilanova\/wp-content\/uploads\/usu729\/2019\/11\/cartell-musica.jpg 960w\" sizes=\"auto, (max-width: 300px) 100vw, 300px\" \/><\/a><figcaption class=\"wp-caption-text\">Cartell realitzat per un alumne de 6\u00e8<\/figcaption><\/figure>\n<\/div>\n","protected":false},"excerpt":{"rendered":"<p>Al llarg d&#8217;aquesta setmana celebrem la Segona edici\u00f3 de la nostra &#8220;Setmana de la M\u00fasica&#8221;.<\/p>\n<p>Durant aquesta setmana, del 19 al 22 de novembre, tots els nens i nenes de l\u2019escola participarem d&#8217;una setmana on la m\u00fasica ser\u00e0 la gran protagonista.<br \/>\nAix\u00ed, durant la setmana realitzarem diferents&hellip;  <a href=\"https:\/\/agora.xtec.cat\/escolamestralvilanova\/infantil\/ii-setmana-de-la-musica\/\" title=\"Read II SETMANA DE LA M\u00daSICA\">Llegeix m\u00e9s\u00bb<\/a><\/p>\n","protected":false},"author":1,"featured_media":1170,"comment_status":"open","ping_status":"closed","sticky":false,"template":"","format":"standard","meta":{"_bbp_topic_count":0,"_bbp_reply_count":0,"_bbp_total_topic_count":0,"_bbp_total_reply_count":0,"_bbp_voice_count":0,"_bbp_anonymous_reply_count":0,"_bbp_topic_count_hidden":0,"_bbp_reply_count_hidden":0,"_bbp_forum_subforum_count":0,"footnotes":""},"categories":[13,11,12,15,3,14,8,9,10,2,53,4,5],"tags":[],"class_list":["post-1867","post","type-post","status-publish","format-standard","has-post-thumbnail","hentry","category-cinque","category-cicle-inicial","category-tercer-quart","category-cicle-superior","category-ei3-ei4-ei5","category-ei1-ei2","category-ei4","category-ei5","category-ei5-primer","category-infantil","category-lespai-musical","category-portada","category-primaria"],"post_mailing_queue_ids":[],"_links":{"self":[{"href":"https:\/\/agora.xtec.cat\/escolamestralvilanova\/wp-json\/wp\/v2\/posts\/1867","targetHints":{"allow":["GET"]}}],"collection":[{"href":"https:\/\/agora.xtec.cat\/escolamestralvilanova\/wp-json\/wp\/v2\/posts"}],"about":[{"href":"https:\/\/agora.xtec.cat\/escolamestralvilanova\/wp-json\/wp\/v2\/types\/post"}],"author":[{"embeddable":true,"href":"https:\/\/agora.xtec.cat\/escolamestralvilanova\/wp-json\/wp\/v2\/users\/1"}],"replies":[{"embeddable":true,"href":"https:\/\/agora.xtec.cat\/escolamestralvilanova\/wp-json\/wp\/v2\/comments?post=1867"}],"version-history":[{"count":1,"href":"https:\/\/agora.xtec.cat\/escolamestralvilanova\/wp-json\/wp\/v2\/posts\/1867\/revisions"}],"predecessor-version":[{"id":1869,"href":"https:\/\/agora.xtec.cat\/escolamestralvilanova\/wp-json\/wp\/v2\/posts\/1867\/revisions\/1869"}],"wp:featuredmedia":[{"embeddable":true,"href":"https:\/\/agora.xtec.cat\/escolamestralvilanova\/wp-json\/wp\/v2\/media\/1170"}],"wp:attachment":[{"href":"https:\/\/agora.xtec.cat\/escolamestralvilanova\/wp-json\/wp\/v2\/media?parent=1867"}],"wp:term":[{"taxonomy":"category","embeddable":true,"href":"https:\/\/agora.xtec.cat\/escolamestralvilanova\/wp-json\/wp\/v2\/categories?post=1867"},{"taxonomy":"post_tag","embeddable":true,"href":"https:\/\/agora.xtec.cat\/escolamestralvilanova\/wp-json\/wp\/v2\/tags?post=1867"}],"curies":[{"name":"wp","href":"https:\/\/api.w.org\/{rel}","templated":true}]}}