{"id":1855,"date":"2019-11-12T13:47:53","date_gmt":"2019-11-12T12:47:53","guid":{"rendered":"http:\/\/agora.xtec.cat\/escolamestralvilanova\/?p=1855"},"modified":"2019-11-12T13:47:53","modified_gmt":"2019-11-12T12:47:53","slug":"entrevistem-al-sebastia-mayoral","status":"publish","type":"post","link":"https:\/\/agora.xtec.cat\/escolamestralvilanova\/portada\/entrevistem-al-sebastia-mayoral\/","title":{"rendered":"ENTREVISTEM AL SEBASTI\u00c0 MAYORAL!"},"content":{"rendered":"<p>Els nens i nens de cinqu\u00e8, seguint la nostra investigaci\u00f3 sobre el passat de Vilanova de la Barca i de la nostra escola hem rebut una visita molt especial a l&#8217;escola!<\/p>\n<p>L&#8217;antic mestre i director Sebasti\u00e0 Mayoral ens ha visitat i l&#8217;hem pogut entrevistar. Ens ha explicat moltes coses de com era abans l&#8217;escola quan ell en va ser alumne i director. Les seves aportacions ens ajudaran molt en la nostra investigaci\u00f3.<\/p>\n<p>Tamb\u00e9 ens ha portat un recull de fotografies antigues i materials de la seva \u00e8poca com a mestre. Ens ha encantat escoltar el seu testimoni!<\/p>\n<p>Moltes gr\u00e0cies Sebasti\u00e0!<\/p>\n<ul>\n<li><a href=\"https:\/\/photos.app.goo.gl\/XaMAn1Lt8vParSkY8\">ENLLA\u00c7 A LES FOTOGRAFIES<\/a><\/li>\n<\/ul>\n<p><a href=\"https:\/\/agora.xtec.cat\/escolamestralvilanova\/wp-content\/uploads\/usu729\/2019\/11\/IMG_4443.jpg\"><img loading=\"lazy\" decoding=\"async\" class=\"alignnone wp-image-1856 size-medium\" src=\"https:\/\/agora.xtec.cat\/escolamestralvilanova\/wp-content\/uploads\/usu729\/2019\/11\/IMG_4443-300x225.jpg\" alt=\"\" width=\"300\" height=\"225\" srcset=\"https:\/\/agora.xtec.cat\/escolamestralvilanova\/wp-content\/uploads\/usu729\/2019\/11\/IMG_4443-300x225.jpg 300w, https:\/\/agora.xtec.cat\/escolamestralvilanova\/wp-content\/uploads\/usu729\/2019\/11\/IMG_4443-200x150.jpg 200w, https:\/\/agora.xtec.cat\/escolamestralvilanova\/wp-content\/uploads\/usu729\/2019\/11\/IMG_4443.jpg 640w\" sizes=\"auto, (max-width: 300px) 100vw, 300px\" \/><\/a><\/p>\n","protected":false},"excerpt":{"rendered":"<p>Els nens i nens de cinqu\u00e8, seguint la nostra investigaci\u00f3 sobre el passat de Vilanova de la Barca i de la nostra escola hem rebut una visita molt especial a l&#8217;escola!<br \/>\nL&#8217;antic mestre i director Sebasti\u00e0 Mayoral ens ha visitat i l&#8217;hem pogut entrevistar. Ens ha&hellip;  <a href=\"https:\/\/agora.xtec.cat\/escolamestralvilanova\/portada\/entrevistem-al-sebastia-mayoral\/\" title=\"Read ENTREVISTEM AL SEBASTI\u00c0 MAYORAL!\">Llegeix m\u00e9s\u00bb<\/a><\/p>\n","protected":false},"author":1,"featured_media":1170,"comment_status":"open","ping_status":"closed","sticky":false,"template":"","format":"standard","meta":{"_bbp_topic_count":0,"_bbp_reply_count":0,"_bbp_total_topic_count":0,"_bbp_total_reply_count":0,"_bbp_voice_count":0,"_bbp_anonymous_reply_count":0,"_bbp_topic_count_hidden":0,"_bbp_reply_count_hidden":0,"_bbp_forum_subforum_count":0,"footnotes":""},"categories":[13,4,5],"tags":[],"class_list":["post-1855","post","type-post","status-publish","format-standard","has-post-thumbnail","hentry","category-cinque","category-portada","category-primaria"],"post_mailing_queue_ids":[],"_links":{"self":[{"href":"https:\/\/agora.xtec.cat\/escolamestralvilanova\/wp-json\/wp\/v2\/posts\/1855","targetHints":{"allow":["GET"]}}],"collection":[{"href":"https:\/\/agora.xtec.cat\/escolamestralvilanova\/wp-json\/wp\/v2\/posts"}],"about":[{"href":"https:\/\/agora.xtec.cat\/escolamestralvilanova\/wp-json\/wp\/v2\/types\/post"}],"author":[{"embeddable":true,"href":"https:\/\/agora.xtec.cat\/escolamestralvilanova\/wp-json\/wp\/v2\/users\/1"}],"replies":[{"embeddable":true,"href":"https:\/\/agora.xtec.cat\/escolamestralvilanova\/wp-json\/wp\/v2\/comments?post=1855"}],"version-history":[{"count":2,"href":"https:\/\/agora.xtec.cat\/escolamestralvilanova\/wp-json\/wp\/v2\/posts\/1855\/revisions"}],"predecessor-version":[{"id":1858,"href":"https:\/\/agora.xtec.cat\/escolamestralvilanova\/wp-json\/wp\/v2\/posts\/1855\/revisions\/1858"}],"wp:featuredmedia":[{"embeddable":true,"href":"https:\/\/agora.xtec.cat\/escolamestralvilanova\/wp-json\/wp\/v2\/media\/1170"}],"wp:attachment":[{"href":"https:\/\/agora.xtec.cat\/escolamestralvilanova\/wp-json\/wp\/v2\/media?parent=1855"}],"wp:term":[{"taxonomy":"category","embeddable":true,"href":"https:\/\/agora.xtec.cat\/escolamestralvilanova\/wp-json\/wp\/v2\/categories?post=1855"},{"taxonomy":"post_tag","embeddable":true,"href":"https:\/\/agora.xtec.cat\/escolamestralvilanova\/wp-json\/wp\/v2\/tags?post=1855"}],"curies":[{"name":"wp","href":"https:\/\/api.w.org\/{rel}","templated":true}]}}