{"id":1849,"date":"2019-11-07T13:45:19","date_gmt":"2019-11-07T12:45:19","guid":{"rendered":"http:\/\/agora.xtec.cat\/escolamestralvilanova\/?p=1849"},"modified":"2019-11-08T07:55:05","modified_gmt":"2019-11-08T06:55:05","slug":"entrevistem-al-jordi-verdu","status":"publish","type":"post","link":"https:\/\/agora.xtec.cat\/escolamestralvilanova\/general\/entrevistem-al-jordi-verdu\/","title":{"rendered":"ENTREVISTEM AL JORDI VERD\u00da!"},"content":{"rendered":"<p>Aquest mat\u00ed els nens i nenes de cinqu\u00e8 hem anat a visitar el Jordi Verd\u00fa i li hem fet una entrevista.<\/p>\n<p>Seguint amb la nostra investigaci\u00f3 sobre la hist\u00f2ria del nostre poble i la nostra escola hem preparat unes preguntes i hem anat a fer-li una visita al &#8220;Rebost del Jordi&#8221;, on hi t\u00e9 un gran recull de bibliografia i objectes relacionats amb la hist\u00f2ria de Vilanova de la Barca. Les seves explicacions ens han aportat molta informaci\u00f3 nova que podrem incorporar la nostre projecte. Ens ha agradat molt escoltar-lo i compartir la seva passi\u00f3 per la hist\u00f2ria.<\/p>\n<p>Moltes gr\u00e0cies Jordi!<\/p>\n<ul>\n<li><a href=\"https:\/\/photos.app.goo.gl\/79Xg2AGboz1ojz3w8\">ENLLA\u00c7 A LES FOTOGRAFIES<\/a><\/li>\n<\/ul>\n<p><a href=\"https:\/\/photos.app.goo.gl\/79Xg2AGboz1ojz3w8\"><img loading=\"lazy\" decoding=\"async\" class=\"alignnone wp-image-1850 size-medium\" src=\"https:\/\/agora.xtec.cat\/escolamestralvilanova\/wp-content\/uploads\/usu729\/2019\/11\/fb1f9c11-100d-4998-bd85-4bbc07f517f5-300x225.jpg\" alt=\"\" width=\"300\" height=\"225\" srcset=\"https:\/\/agora.xtec.cat\/escolamestralvilanova\/wp-content\/uploads\/usu729\/2019\/11\/fb1f9c11-100d-4998-bd85-4bbc07f517f5-300x225.jpg 300w, https:\/\/agora.xtec.cat\/escolamestralvilanova\/wp-content\/uploads\/usu729\/2019\/11\/fb1f9c11-100d-4998-bd85-4bbc07f517f5-200x150.jpg 200w, https:\/\/agora.xtec.cat\/escolamestralvilanova\/wp-content\/uploads\/usu729\/2019\/11\/fb1f9c11-100d-4998-bd85-4bbc07f517f5.jpg 640w\" sizes=\"auto, (max-width: 300px) 100vw, 300px\" \/><\/a><\/p>\n","protected":false},"excerpt":{"rendered":"<p>Aquest mat\u00ed els nens i nenes de cinqu\u00e8 hem anat a visitar el Jordi Verd\u00fa i li hem fet una entrevista.<br \/>\nSeguint amb la nostra investigaci\u00f3 sobre la hist\u00f2ria del nostre poble i la nostra escola hem preparat unes preguntes i hem anat a fer-li una&hellip;  <a href=\"https:\/\/agora.xtec.cat\/escolamestralvilanova\/general\/entrevistem-al-jordi-verdu\/\" title=\"Read ENTREVISTEM AL JORDI VERD\u00da!\">Llegeix m\u00e9s\u00bb<\/a><\/p>\n","protected":false},"author":1,"featured_media":0,"comment_status":"open","ping_status":"closed","sticky":false,"template":"","format":"standard","meta":{"_bbp_topic_count":0,"_bbp_reply_count":0,"_bbp_total_topic_count":0,"_bbp_total_reply_count":0,"_bbp_voice_count":0,"_bbp_anonymous_reply_count":0,"_bbp_topic_count_hidden":0,"_bbp_reply_count_hidden":0,"_bbp_forum_subforum_count":0,"footnotes":""},"categories":[13,1,4],"tags":[],"class_list":["post-1849","post","type-post","status-publish","format-standard","hentry","category-cinque","category-general","category-portada"],"post_mailing_queue_ids":[],"_links":{"self":[{"href":"https:\/\/agora.xtec.cat\/escolamestralvilanova\/wp-json\/wp\/v2\/posts\/1849","targetHints":{"allow":["GET"]}}],"collection":[{"href":"https:\/\/agora.xtec.cat\/escolamestralvilanova\/wp-json\/wp\/v2\/posts"}],"about":[{"href":"https:\/\/agora.xtec.cat\/escolamestralvilanova\/wp-json\/wp\/v2\/types\/post"}],"author":[{"embeddable":true,"href":"https:\/\/agora.xtec.cat\/escolamestralvilanova\/wp-json\/wp\/v2\/users\/1"}],"replies":[{"embeddable":true,"href":"https:\/\/agora.xtec.cat\/escolamestralvilanova\/wp-json\/wp\/v2\/comments?post=1849"}],"version-history":[{"count":3,"href":"https:\/\/agora.xtec.cat\/escolamestralvilanova\/wp-json\/wp\/v2\/posts\/1849\/revisions"}],"predecessor-version":[{"id":1854,"href":"https:\/\/agora.xtec.cat\/escolamestralvilanova\/wp-json\/wp\/v2\/posts\/1849\/revisions\/1854"}],"wp:attachment":[{"href":"https:\/\/agora.xtec.cat\/escolamestralvilanova\/wp-json\/wp\/v2\/media?parent=1849"}],"wp:term":[{"taxonomy":"category","embeddable":true,"href":"https:\/\/agora.xtec.cat\/escolamestralvilanova\/wp-json\/wp\/v2\/categories?post=1849"},{"taxonomy":"post_tag","embeddable":true,"href":"https:\/\/agora.xtec.cat\/escolamestralvilanova\/wp-json\/wp\/v2\/tags?post=1849"}],"curies":[{"name":"wp","href":"https:\/\/api.w.org\/{rel}","templated":true}]}}