{"id":1846,"date":"2019-11-05T10:59:37","date_gmt":"2019-11-05T09:59:37","guid":{"rendered":"http:\/\/agora.xtec.cat\/escolamestralvilanova\/?p=1846"},"modified":"2019-11-06T07:55:23","modified_gmt":"2019-11-06T06:55:23","slug":"un-tastet-de-ioga","status":"publish","type":"post","link":"https:\/\/agora.xtec.cat\/escolamestralvilanova\/portada\/un-tastet-de-ioga\/","title":{"rendered":"UN TASTET DE IOGA"},"content":{"rendered":"<p>Durant aquest curs els alumnes de Cicle Superior farem un tastet de ioga. Hem extret les seg\u00fcents reflexions:<\/p>\n<p>Soren<\/p>\n<blockquote><p>Ja que tot el curs fem educaci\u00f3 f\u00edsica, em va agradar realitzar la sessi\u00f3 de ioga perqu\u00e8 era nou per mi!<\/p><\/blockquote>\n<p>Abril<\/p>\n<blockquote><p>Em vaig senti relaxada i molt tranquil\u00b7la.<\/p><\/blockquote>\n<p>Sergi<\/p>\n<blockquote><p>El que em va impactar m\u00e9s va ser que els estiraments\/postures em van ajudar a relaxar els meus m\u00fasculs i vaig arribar a relaxar-me molt.<\/p><\/blockquote>\n<p>Pere<\/p>\n<blockquote><p>Em va agradar, per\u00f2 que sol fessim postures es una mica avorrit voldria que entre postura i postura i haguessin moviments.<\/p><\/blockquote>\n<p>Maria<\/p>\n<blockquote><p>La ioga em va agradar, em vaig sentir tranquil\u00b7la i a la vegada relaxada.<\/p><\/blockquote>\n<p>David<\/p>\n<blockquote><p>A mi em va semblar molt divertit perqu\u00e8 ens vam relaxar molt b\u00e9 tots, i per ser una cosa nova no passa res.<\/p><\/blockquote>\n<p>Isona<\/p>\n<blockquote><p>A mi la sessi\u00f3 de ioga va estar molt b\u00e9. Em va agradar perqu\u00e8 \u00e9s una cosa diferent.<\/p><\/blockquote>\n<p>Eileen<\/p>\n<blockquote><p>A ioga em vaig sentir molt relaxada, ja que la sessi\u00f3 passada vam fer ioga i les postures eren relaxants.<\/p><\/blockquote>\n<p>Dami\u00e0<\/p>\n<blockquote><p>Va ser una activitat nova i divertida que vull tornar a fer.<\/p><\/blockquote>\n<ul>\n<li><a href=\"https:\/\/photos.app.goo.gl\/bzHoWSPPK2ZWKZDt7\">ENLLA\u00c7 A LES FOTOGRAFIES<\/a><\/li>\n<\/ul>\n<p><a href=\"https:\/\/photos.app.goo.gl\/bzHoWSPPK2ZWKZDt7\"><img loading=\"lazy\" decoding=\"async\" class=\"size-medium wp-image-1847\" src=\"https:\/\/agora.xtec.cat\/escolamestralvilanova\/wp-content\/uploads\/usu729\/2019\/11\/IMG_20191024_104435-300x168.jpg\" alt=\"\" width=\"300\" height=\"168\" srcset=\"https:\/\/agora.xtec.cat\/escolamestralvilanova\/wp-content\/uploads\/usu729\/2019\/11\/IMG_20191024_104435-300x168.jpg 300w, https:\/\/agora.xtec.cat\/escolamestralvilanova\/wp-content\/uploads\/usu729\/2019\/11\/IMG_20191024_104435.jpg 640w\" sizes=\"auto, (max-width: 300px) 100vw, 300px\" \/><\/a><\/p>\n","protected":false},"excerpt":{"rendered":"<p>Durant aquest curs els alumnes de Cicle Superior farem un tastet de ioga. Hem extret les seg\u00fcents reflexions:<br \/>\nSoren<br \/>\nJa que tot el curs fem educaci\u00f3 f\u00edsica, em va agradar realitzar la sessi\u00f3 de ioga perqu\u00e8 era nou per mi!<br \/>\nAbril<br \/>\nEm vaig senti relaxada i molt tranquil\u00b7la.<br \/>\nSergi<br \/>\nEl que&hellip;  <a href=\"https:\/\/agora.xtec.cat\/escolamestralvilanova\/portada\/un-tastet-de-ioga\/\" title=\"Read UN TASTET DE IOGA\">Llegeix m\u00e9s\u00bb<\/a><\/p>\n","protected":false},"author":1,"featured_media":0,"comment_status":"open","ping_status":"closed","sticky":false,"template":"","format":"standard","meta":{"_bbp_topic_count":0,"_bbp_reply_count":0,"_bbp_total_topic_count":0,"_bbp_total_reply_count":0,"_bbp_voice_count":0,"_bbp_anonymous_reply_count":0,"_bbp_topic_count_hidden":0,"_bbp_reply_count_hidden":0,"_bbp_forum_subforum_count":0,"footnotes":""},"categories":[15,4,5],"tags":[],"class_list":["post-1846","post","type-post","status-publish","format-standard","hentry","category-cicle-superior","category-portada","category-primaria"],"post_mailing_queue_ids":[],"_links":{"self":[{"href":"https:\/\/agora.xtec.cat\/escolamestralvilanova\/wp-json\/wp\/v2\/posts\/1846","targetHints":{"allow":["GET"]}}],"collection":[{"href":"https:\/\/agora.xtec.cat\/escolamestralvilanova\/wp-json\/wp\/v2\/posts"}],"about":[{"href":"https:\/\/agora.xtec.cat\/escolamestralvilanova\/wp-json\/wp\/v2\/types\/post"}],"author":[{"embeddable":true,"href":"https:\/\/agora.xtec.cat\/escolamestralvilanova\/wp-json\/wp\/v2\/users\/1"}],"replies":[{"embeddable":true,"href":"https:\/\/agora.xtec.cat\/escolamestralvilanova\/wp-json\/wp\/v2\/comments?post=1846"}],"version-history":[{"count":1,"href":"https:\/\/agora.xtec.cat\/escolamestralvilanova\/wp-json\/wp\/v2\/posts\/1846\/revisions"}],"predecessor-version":[{"id":1848,"href":"https:\/\/agora.xtec.cat\/escolamestralvilanova\/wp-json\/wp\/v2\/posts\/1846\/revisions\/1848"}],"wp:attachment":[{"href":"https:\/\/agora.xtec.cat\/escolamestralvilanova\/wp-json\/wp\/v2\/media?parent=1846"}],"wp:term":[{"taxonomy":"category","embeddable":true,"href":"https:\/\/agora.xtec.cat\/escolamestralvilanova\/wp-json\/wp\/v2\/categories?post=1846"},{"taxonomy":"post_tag","embeddable":true,"href":"https:\/\/agora.xtec.cat\/escolamestralvilanova\/wp-json\/wp\/v2\/tags?post=1846"}],"curies":[{"name":"wp","href":"https:\/\/api.w.org\/{rel}","templated":true}]}}