{"id":1835,"date":"2019-11-05T13:18:01","date_gmt":"2019-11-05T12:18:01","guid":{"rendered":"http:\/\/agora.xtec.cat\/escolamestralvilanova\/?p=1835"},"modified":"2019-11-05T13:28:08","modified_gmt":"2019-11-05T12:28:08","slug":"ens-visiten-els-padrins-es-de-la-residencia","status":"publish","type":"post","link":"https:\/\/agora.xtec.cat\/escolamestralvilanova\/infantil\/ens-visiten-els-padrins-es-de-la-residencia\/","title":{"rendered":"ENS VISITEN ELS PADRINS\/ES DE LA RESID\u00c8NCIA"},"content":{"rendered":"<p>Avui, dimarts 5 de novembre, hem rebut la visita dels padrins\/es de al resid\u00e8ncia Sant Roc.<\/p>\n<p>Aix\u00ed, durant el mat\u00ed hem realitzat diferents activitats i hem compartit moments i viv\u00e8ncies que ens han agradat molt!<\/p>\n<p>Esperem tornar-ho a repetir ben aviat!<\/p>\n<ul>\n<li><a href=\"https:\/\/photos.app.goo.gl\/qV1uJ8ZUFaZB8THc8\">ENLLA\u00c7 A LES FOTOGRAFIES<\/a><\/li>\n<\/ul>\n<p><a href=\"https:\/\/photos.app.goo.gl\/qV1uJ8ZUFaZB8THc8\"><img loading=\"lazy\" decoding=\"async\" class=\"alignnone size-medium wp-image-1836\" src=\"https:\/\/agora.xtec.cat\/escolamestralvilanova\/wp-content\/uploads\/usu729\/2019\/11\/IMG_5991-300x225.jpg\" alt=\"\" width=\"300\" height=\"225\" srcset=\"https:\/\/agora.xtec.cat\/escolamestralvilanova\/wp-content\/uploads\/usu729\/2019\/11\/IMG_5991-300x225.jpg 300w, https:\/\/agora.xtec.cat\/escolamestralvilanova\/wp-content\/uploads\/usu729\/2019\/11\/IMG_5991-200x150.jpg 200w, https:\/\/agora.xtec.cat\/escolamestralvilanova\/wp-content\/uploads\/usu729\/2019\/11\/IMG_5991.jpg 640w\" sizes=\"auto, (max-width: 300px) 100vw, 300px\" \/><\/a><\/p>\n","protected":false},"excerpt":{"rendered":"<p>Avui, dimarts 5 de novembre, hem rebut la visita dels padrins\/es de al resid\u00e8ncia Sant Roc.<br \/>\nAix\u00ed, durant el mat\u00ed hem realitzat diferents activitats i hem compartit moments i viv\u00e8ncies que ens han agradat molt!<br \/>\nEsperem tornar-ho a repetir ben aviat!<\/p>\n<ul>\n<li><a href=\"https:\/\/photos.app.goo.gl\/qV1uJ8ZUFaZB8THc8\">ENLLA\u00c7 A LES FOTOGRAFIES<\/a><\/li>\n<\/ul>\n<p><a href=\"https:\/\/photos.app.goo.gl\/qV1uJ8ZUFaZB8THc8\"><\/a><\/p>\n","protected":false},"author":1,"featured_media":0,"comment_status":"open","ping_status":"closed","sticky":false,"template":"","format":"standard","meta":{"_bbp_topic_count":0,"_bbp_reply_count":0,"_bbp_total_topic_count":0,"_bbp_total_reply_count":0,"_bbp_voice_count":0,"_bbp_anonymous_reply_count":0,"_bbp_topic_count_hidden":0,"_bbp_reply_count_hidden":0,"_bbp_forum_subforum_count":0,"footnotes":""},"categories":[13,11,12,15,3,14,8,9,10,59,57,2,4,5],"tags":[],"class_list":["post-1835","post","type-post","status-publish","format-standard","hentry","category-cinque","category-cicle-inicial","category-tercer-quart","category-cicle-superior","category-ei3-ei4-ei5","category-ei1-ei2","category-ei4","category-ei5","category-ei5-primer","category-primer-cicle-ed-infantil","category-espai-families","category-infantil","category-portada","category-primaria"],"post_mailing_queue_ids":[],"_links":{"self":[{"href":"https:\/\/agora.xtec.cat\/escolamestralvilanova\/wp-json\/wp\/v2\/posts\/1835","targetHints":{"allow":["GET"]}}],"collection":[{"href":"https:\/\/agora.xtec.cat\/escolamestralvilanova\/wp-json\/wp\/v2\/posts"}],"about":[{"href":"https:\/\/agora.xtec.cat\/escolamestralvilanova\/wp-json\/wp\/v2\/types\/post"}],"author":[{"embeddable":true,"href":"https:\/\/agora.xtec.cat\/escolamestralvilanova\/wp-json\/wp\/v2\/users\/1"}],"replies":[{"embeddable":true,"href":"https:\/\/agora.xtec.cat\/escolamestralvilanova\/wp-json\/wp\/v2\/comments?post=1835"}],"version-history":[{"count":3,"href":"https:\/\/agora.xtec.cat\/escolamestralvilanova\/wp-json\/wp\/v2\/posts\/1835\/revisions"}],"predecessor-version":[{"id":1845,"href":"https:\/\/agora.xtec.cat\/escolamestralvilanova\/wp-json\/wp\/v2\/posts\/1835\/revisions\/1845"}],"wp:attachment":[{"href":"https:\/\/agora.xtec.cat\/escolamestralvilanova\/wp-json\/wp\/v2\/media?parent=1835"}],"wp:term":[{"taxonomy":"category","embeddable":true,"href":"https:\/\/agora.xtec.cat\/escolamestralvilanova\/wp-json\/wp\/v2\/categories?post=1835"},{"taxonomy":"post_tag","embeddable":true,"href":"https:\/\/agora.xtec.cat\/escolamestralvilanova\/wp-json\/wp\/v2\/tags?post=1835"}],"curies":[{"name":"wp","href":"https:\/\/api.w.org\/{rel}","templated":true}]}}