{"id":1809,"date":"2019-10-28T16:42:18","date_gmt":"2019-10-28T15:42:18","guid":{"rendered":"http:\/\/agora.xtec.cat\/escolamestralvilanova\/?p=1809"},"modified":"2019-10-28T22:11:31","modified_gmt":"2019-10-28T21:11:31","slug":"et-regalo-una-lectura","status":"publish","type":"post","link":"https:\/\/agora.xtec.cat\/escolamestralvilanova\/portada\/et-regalo-una-lectura\/","title":{"rendered":"ET REGALO UNA LECTURA!"},"content":{"rendered":"<p>Els nens i nens de sis\u00e8 hem iniciat una activitat anomenada: <strong>ET REGALO UNA LECTURA!<\/strong><\/p>\n<p>Els dilluns de cada setmana, des de l&#8217;\u00e0rea de llengua catalana, un alumne\/a ens regala una lectura a la resta del grup. Busquem un espai acollidor i aquest nen o nena ens llegeix el text o hist\u00f2ria que ha buscat i ens explica perqu\u00e8 l&#8217;ha escollit o \u00e9s especial per a ell\/a.<\/p>\n<p>La setmana passada va iniciar l&#8217;activitat la Sandra, la nostra mestra de llengua, ens va regalar la lectura &#8220;El pescador&#8221; que ens va agradar molt.<\/p>\n<p>Aquesta setmana el nostre company David ens ha regalat la lectura d&#8217;un conte cl\u00e0ssic anomenat &#8220;El Polzet&#8221;. El David ens ha explicat que per a ell \u00e9s una lectura especial ja que quan era petit era el seu conte preferit.<\/p>\n<p>Aquesta activitat ens encanta i ens ajuda a desenvolupar el nostre gust per la lectura, aix\u00ed que poc a poc anirem mostrant els regals que ens realitzen la resta de companys\/es de la classe!<\/p>\n<ul>\n<li><a href=\"https:\/\/photos.app.goo.gl\/NEAaEdMU8Dbs1gTM9\">ENLLA\u00c7 A LES FOTOGRAFIES<\/a><\/li>\n<\/ul>\n<p><a href=\"https:\/\/agora.xtec.cat\/escolamestralvilanova\/wp-content\/uploads\/usu729\/2019\/10\/IMG_3857.jpg\"><img loading=\"lazy\" decoding=\"async\" class=\"alignnone wp-image-1810 size-medium\" src=\"https:\/\/agora.xtec.cat\/escolamestralvilanova\/wp-content\/uploads\/usu729\/2019\/10\/IMG_3857-300x225.jpg\" alt=\"\" width=\"300\" height=\"225\" srcset=\"https:\/\/agora.xtec.cat\/escolamestralvilanova\/wp-content\/uploads\/usu729\/2019\/10\/IMG_3857-300x225.jpg 300w, https:\/\/agora.xtec.cat\/escolamestralvilanova\/wp-content\/uploads\/usu729\/2019\/10\/IMG_3857-200x150.jpg 200w, https:\/\/agora.xtec.cat\/escolamestralvilanova\/wp-content\/uploads\/usu729\/2019\/10\/IMG_3857.jpg 640w\" sizes=\"auto, (max-width: 300px) 100vw, 300px\" \/><\/a><\/p>\n<p>Aquesta activitat ens encanta i ens ajuda a desenvolupar el nostre gust per la lectura.<\/p>\n<ul>\n<li><a href=\"https:\/\/photos.app.goo.gl\/NEAaEdMU8Dbs1gTM9\">ENLLA\u00c7 A LES FOTOGRAFIES<\/a><\/li>\n<\/ul>\n","protected":false},"excerpt":{"rendered":"<p>Els nens i nens de sis\u00e8 hem iniciat una activitat anomenada: ET REGALO UNA LECTURA!<br \/>\nEls dilluns de cada setmana, des de l&#8217;\u00e0rea de llengua catalana, un alumne\/a ens regala una lectura a la resta del grup. Busquem un espai acollidor i aquest nen o nena&hellip;  <a href=\"https:\/\/agora.xtec.cat\/escolamestralvilanova\/portada\/et-regalo-una-lectura\/\" title=\"Read ET REGALO UNA LECTURA!\">Llegeix m\u00e9s\u00bb<\/a><\/p>\n","protected":false},"author":1,"featured_media":0,"comment_status":"open","ping_status":"closed","sticky":false,"template":"","format":"standard","meta":{"_bbp_topic_count":0,"_bbp_reply_count":0,"_bbp_total_topic_count":0,"_bbp_total_reply_count":0,"_bbp_voice_count":0,"_bbp_anonymous_reply_count":0,"_bbp_topic_count_hidden":0,"_bbp_reply_count_hidden":0,"_bbp_forum_subforum_count":0,"footnotes":""},"categories":[15,52,4,5],"tags":[],"class_list":["post-1809","post","type-post","status-publish","format-standard","hentry","category-cicle-superior","category-llegim","category-portada","category-primaria"],"post_mailing_queue_ids":[],"_links":{"self":[{"href":"https:\/\/agora.xtec.cat\/escolamestralvilanova\/wp-json\/wp\/v2\/posts\/1809","targetHints":{"allow":["GET"]}}],"collection":[{"href":"https:\/\/agora.xtec.cat\/escolamestralvilanova\/wp-json\/wp\/v2\/posts"}],"about":[{"href":"https:\/\/agora.xtec.cat\/escolamestralvilanova\/wp-json\/wp\/v2\/types\/post"}],"author":[{"embeddable":true,"href":"https:\/\/agora.xtec.cat\/escolamestralvilanova\/wp-json\/wp\/v2\/users\/1"}],"replies":[{"embeddable":true,"href":"https:\/\/agora.xtec.cat\/escolamestralvilanova\/wp-json\/wp\/v2\/comments?post=1809"}],"version-history":[{"count":3,"href":"https:\/\/agora.xtec.cat\/escolamestralvilanova\/wp-json\/wp\/v2\/posts\/1809\/revisions"}],"predecessor-version":[{"id":1818,"href":"https:\/\/agora.xtec.cat\/escolamestralvilanova\/wp-json\/wp\/v2\/posts\/1809\/revisions\/1818"}],"wp:attachment":[{"href":"https:\/\/agora.xtec.cat\/escolamestralvilanova\/wp-json\/wp\/v2\/media?parent=1809"}],"wp:term":[{"taxonomy":"category","embeddable":true,"href":"https:\/\/agora.xtec.cat\/escolamestralvilanova\/wp-json\/wp\/v2\/categories?post=1809"},{"taxonomy":"post_tag","embeddable":true,"href":"https:\/\/agora.xtec.cat\/escolamestralvilanova\/wp-json\/wp\/v2\/tags?post=1809"}],"curies":[{"name":"wp","href":"https:\/\/api.w.org\/{rel}","templated":true}]}}