{"id":1787,"date":"2019-10-21T09:17:07","date_gmt":"2019-10-21T07:17:07","guid":{"rendered":"http:\/\/agora.xtec.cat\/escolamestralvilanova\/?p=1787"},"modified":"2019-10-21T09:17:50","modified_gmt":"2019-10-21T07:17:50","slug":"moltes-gracies-2","status":"publish","type":"post","link":"https:\/\/agora.xtec.cat\/escolamestralvilanova\/general\/moltes-gracies-2\/","title":{"rendered":"MOLTES GR\u00c0CIES!"},"content":{"rendered":"<p>El passat dissabte 19 d&#8217;octubre va tenir lloc la Jornada de Conviv\u00e8ncia amb les fam\u00edlies.<\/p>\n<p>Estem molt agra\u00efts per la vostra participaci\u00f3, ja que es van poder realitzar moltes millores i el m\u00e9s important, passar una molt bona estona plegats.<\/p>\n<p>Moltes gr\u00e0cies!<\/p>\n<ul>\n<li><a href=\"https:\/\/photos.app.goo.gl\/CpmeFvpR1dgVWTCRA\">ENLLA\u00c7 A LES FOTOGRAFIES<\/a><\/li>\n<\/ul>\n<p><a href=\"https:\/\/photos.google.com\/share\/AF1QipMyE4blP3zlLAnpN2k_-RFeMUF60ff0tEyv_B_Qao7zTfKBjJJdGWOtt7PkLoz0ww?key=endKcWRNQnhULXJxZEI2VjEzbFVBRHhlMjBuWHNB\"><img loading=\"lazy\" decoding=\"async\" class=\"alignnone size-medium wp-image-1789\" src=\"https:\/\/agora.xtec.cat\/escolamestralvilanova\/wp-content\/uploads\/usu729\/2019\/10\/IMG_5593-300x225.jpeg\" alt=\"\" width=\"300\" height=\"225\" srcset=\"https:\/\/agora.xtec.cat\/escolamestralvilanova\/wp-content\/uploads\/usu729\/2019\/10\/IMG_5593-300x225.jpeg 300w, https:\/\/agora.xtec.cat\/escolamestralvilanova\/wp-content\/uploads\/usu729\/2019\/10\/IMG_5593-200x150.jpeg 200w, https:\/\/agora.xtec.cat\/escolamestralvilanova\/wp-content\/uploads\/usu729\/2019\/10\/IMG_5593.jpeg 640w\" sizes=\"auto, (max-width: 300px) 100vw, 300px\" \/><\/a><\/p>\n","protected":false},"excerpt":{"rendered":"<p>El passat dissabte 19 d&#8217;octubre va tenir lloc la Jornada de Conviv\u00e8ncia amb les fam\u00edlies.<br \/>\nEstem molt agra\u00efts per la vostra participaci\u00f3, ja que es van poder realitzar moltes millores i el m\u00e9s important, passar una molt bona estona plegats.<br \/>\nMoltes gr\u00e0cies!<\/p>\n<ul>\n<li><a href=\"https:\/\/photos.app.goo.gl\/CpmeFvpR1dgVWTCRA\">ENLLA\u00c7 A LES FOTOGRAFIES<\/a><\/li>\n<\/ul>\n<p><a href=\"https:\/\/photos.google.com\/share\/AF1QipMyE4blP3zlLAnpN2k_-RFeMUF60ff0tEyv_B_Qao7zTfKBjJJdGWOtt7PkLoz0ww?key=endKcWRNQnhULXJxZEI2VjEzbFVBRHhlMjBuWHNB\"><\/a><\/p>\n","protected":false},"author":1,"featured_media":0,"comment_status":"open","ping_status":"closed","sticky":false,"template":"","format":"standard","meta":{"_bbp_topic_count":0,"_bbp_reply_count":0,"_bbp_total_topic_count":0,"_bbp_total_reply_count":0,"_bbp_voice_count":0,"_bbp_anonymous_reply_count":0,"_bbp_topic_count_hidden":0,"_bbp_reply_count_hidden":0,"_bbp_forum_subforum_count":0,"footnotes":""},"categories":[13,11,12,15,3,14,8,9,10,23,59,57,1,2,4,5],"tags":[],"class_list":["post-1787","post","type-post","status-publish","format-standard","hentry","category-cinque","category-cicle-inicial","category-tercer-quart","category-cicle-superior","category-ei3-ei4-ei5","category-ei1-ei2","category-ei4","category-ei5","category-ei5-primer","category-escola-verda","category-primer-cicle-ed-infantil","category-espai-families","category-general","category-infantil","category-portada","category-primaria"],"post_mailing_queue_ids":[],"_links":{"self":[{"href":"https:\/\/agora.xtec.cat\/escolamestralvilanova\/wp-json\/wp\/v2\/posts\/1787","targetHints":{"allow":["GET"]}}],"collection":[{"href":"https:\/\/agora.xtec.cat\/escolamestralvilanova\/wp-json\/wp\/v2\/posts"}],"about":[{"href":"https:\/\/agora.xtec.cat\/escolamestralvilanova\/wp-json\/wp\/v2\/types\/post"}],"author":[{"embeddable":true,"href":"https:\/\/agora.xtec.cat\/escolamestralvilanova\/wp-json\/wp\/v2\/users\/1"}],"replies":[{"embeddable":true,"href":"https:\/\/agora.xtec.cat\/escolamestralvilanova\/wp-json\/wp\/v2\/comments?post=1787"}],"version-history":[{"count":3,"href":"https:\/\/agora.xtec.cat\/escolamestralvilanova\/wp-json\/wp\/v2\/posts\/1787\/revisions"}],"predecessor-version":[{"id":1792,"href":"https:\/\/agora.xtec.cat\/escolamestralvilanova\/wp-json\/wp\/v2\/posts\/1787\/revisions\/1792"}],"wp:attachment":[{"href":"https:\/\/agora.xtec.cat\/escolamestralvilanova\/wp-json\/wp\/v2\/media?parent=1787"}],"wp:term":[{"taxonomy":"category","embeddable":true,"href":"https:\/\/agora.xtec.cat\/escolamestralvilanova\/wp-json\/wp\/v2\/categories?post=1787"},{"taxonomy":"post_tag","embeddable":true,"href":"https:\/\/agora.xtec.cat\/escolamestralvilanova\/wp-json\/wp\/v2\/tags?post=1787"}],"curies":[{"name":"wp","href":"https:\/\/api.w.org\/{rel}","templated":true}]}}