{"id":1778,"date":"2019-10-17T10:20:37","date_gmt":"2019-10-17T08:20:37","guid":{"rendered":"http:\/\/agora.xtec.cat\/escolamestralvilanova\/?p=1778"},"modified":"2019-10-17T10:23:54","modified_gmt":"2019-10-17T08:23:54","slug":"jornada-de-convivencia-2","status":"publish","type":"post","link":"https:\/\/agora.xtec.cat\/escolamestralvilanova\/portada\/jornada-de-convivencia-2\/","title":{"rendered":"JORNADA DE CONVIV\u00c8NCIA"},"content":{"rendered":"<p>Avui al mat\u00ed, els i les alumnes de sis\u00e8 hem anat a l&#8217;Ajuntament per tal de realitzar un preg\u00f3 sobre la Jornada de Conviv\u00e8ncia que es realitzar\u00e0 el proper <strong>dissabte 19 d&#8217;octubre a les 10 hores<\/strong>. El contingut del <a href=\"https:\/\/photos.google.com\/u\/1\/share\/AF1QipN5glC5Qn3GX5kP7tCWHUaagaIn2ljrE0rqTBd2foh9ErNHstqEBjHvs47U0BOAeA\/photo\/AF1QipPR1RrYDvyonVLYHfarv1arb0L5qGodXH-59GFo?key=Z3A4RlBtOWlhVGFjeTd5ZUNxR2MwMjBFV1JwUWRn\">preg\u00f3<\/a> ha estat el seg\u00fcent:<\/p>\n<blockquote><p><em>Benvolgudes fam\u00edlies,<\/em><\/p>\n<p><em>Us informem que el proper<strong>\u00a0dissabte 19 d\u2019octubre<\/strong>\u00a0a partir de les\u00a0<strong>10 hores<\/strong>\u00a0est\u00e0 previst la realitzaci\u00f3 d\u2019una\u00a0jornada de conviv\u00e8ncia amb les fam\u00edlies.<\/em><\/p>\n<p><em>Durant aquesta jornada, de car\u00e0cter totalment\u00a0<strong>voluntari<\/strong>, s\u2019ha considerat la necessitat de realitzar diferents actuacions per tal de millorar l&#8217;escola:<\/em><\/p>\n<p><em>Tornar a pintar els jocs del pati, pintar les rodes del pati, pintar la porta de la reixa, pintar el gronxador, netejar els patis, penjar cortines i altres.<\/em><\/p>\n<p><em>Aix\u00ed, totes aquelles fam\u00edlies que estigueu interessades, us esperem el\u00a0<strong>proper dissabte 19 d\u2019octubre a les 10 hores al pati de l\u2019escola<\/strong>.<\/em><\/p>\n<p><em>Tamb\u00e9, a m\u00e9s a m\u00e9s de les actuacions previstes, podr\u00edem aprofitar per fer un\u00a0<strong>esmorzar comunitari<\/strong>.<\/em><\/p>\n<p><em>Aix\u00ed si us sembla b\u00e9 i de forma totalment volunt\u00e0ria, cada fam\u00edlia pot portar alguna cosa per esmorzar.\u00a0\u00a0Ser\u00e0 una bona oportunitat per passar una bona estona plegats,<\/em><\/p>\n<p><em>La vostra participaci\u00f3 \u00e9s molt important, entre tots i totes fem escola!<\/em><\/p>\n<p><em>Salutacions cordials,<\/em><\/p><\/blockquote>\n<p>&nbsp;<\/p>\n<p>Us hi esperem!<\/p>\n<p><a href=\"https:\/\/photos.app.goo.gl\/gWgeRZoxMZeLQdzXA\"><img loading=\"lazy\" decoding=\"async\" class=\"alignnone size-medium wp-image-1779\" src=\"https:\/\/agora.xtec.cat\/escolamestralvilanova\/wp-content\/uploads\/usu729\/2019\/10\/IMG_5485-300x225.jpg\" alt=\"\" width=\"300\" height=\"225\" srcset=\"https:\/\/agora.xtec.cat\/escolamestralvilanova\/wp-content\/uploads\/usu729\/2019\/10\/IMG_5485-300x225.jpg 300w, https:\/\/agora.xtec.cat\/escolamestralvilanova\/wp-content\/uploads\/usu729\/2019\/10\/IMG_5485-200x150.jpg 200w, https:\/\/agora.xtec.cat\/escolamestralvilanova\/wp-content\/uploads\/usu729\/2019\/10\/IMG_5485.jpg 640w\" sizes=\"auto, (max-width: 300px) 100vw, 300px\" \/><\/a><\/p>\n<ul>\n<li><a href=\"https:\/\/photos.app.goo.gl\/gWgeRZoxMZeLQdzXA\">ENLLA\u00c7 A LES FOTOGRAFIES<\/a><\/li>\n<\/ul>\n","protected":false},"excerpt":{"rendered":"<p>Avui al mat\u00ed, els i les alumnes de sis\u00e8 hem anat a l&#8217;Ajuntament per tal de realitzar un preg\u00f3 sobre la Jornada de Conviv\u00e8ncia que es realitzar\u00e0 el proper dissabte 19 d&#8217;octubre a les 10 hores. El contingut del <a href=\"https:\/\/photos.google.com\/u\/1\/share\/AF1QipN5glC5Qn3GX5kP7tCWHUaagaIn2ljrE0rqTBd2foh9ErNHstqEBjHvs47U0BOAeA\/photo\/AF1QipPR1RrYDvyonVLYHfarv1arb0L5qGodXH-59GFo?key=Z3A4RlBtOWlhVGFjeTd5ZUNxR2MwMjBFV1JwUWRn\">preg\u00f3<\/a> ha estat el seg\u00fcent:<br \/>\nBenvolgudes&hellip;  <a href=\"https:\/\/agora.xtec.cat\/escolamestralvilanova\/portada\/jornada-de-convivencia-2\/\" title=\"Read JORNADA DE CONVIV\u00c8NCIA\">Llegeix m\u00e9s\u00bb<\/a><\/p>\n","protected":false},"author":1,"featured_media":0,"comment_status":"open","ping_status":"closed","sticky":false,"template":"","format":"standard","meta":{"_bbp_topic_count":0,"_bbp_reply_count":0,"_bbp_total_topic_count":0,"_bbp_total_reply_count":0,"_bbp_voice_count":0,"_bbp_anonymous_reply_count":0,"_bbp_topic_count_hidden":0,"_bbp_reply_count_hidden":0,"_bbp_forum_subforum_count":0,"footnotes":""},"categories":[15,23,4,5],"tags":[],"class_list":["post-1778","post","type-post","status-publish","format-standard","hentry","category-cicle-superior","category-escola-verda","category-portada","category-primaria"],"post_mailing_queue_ids":[],"_links":{"self":[{"href":"https:\/\/agora.xtec.cat\/escolamestralvilanova\/wp-json\/wp\/v2\/posts\/1778","targetHints":{"allow":["GET"]}}],"collection":[{"href":"https:\/\/agora.xtec.cat\/escolamestralvilanova\/wp-json\/wp\/v2\/posts"}],"about":[{"href":"https:\/\/agora.xtec.cat\/escolamestralvilanova\/wp-json\/wp\/v2\/types\/post"}],"author":[{"embeddable":true,"href":"https:\/\/agora.xtec.cat\/escolamestralvilanova\/wp-json\/wp\/v2\/users\/1"}],"replies":[{"embeddable":true,"href":"https:\/\/agora.xtec.cat\/escolamestralvilanova\/wp-json\/wp\/v2\/comments?post=1778"}],"version-history":[{"count":3,"href":"https:\/\/agora.xtec.cat\/escolamestralvilanova\/wp-json\/wp\/v2\/posts\/1778\/revisions"}],"predecessor-version":[{"id":1782,"href":"https:\/\/agora.xtec.cat\/escolamestralvilanova\/wp-json\/wp\/v2\/posts\/1778\/revisions\/1782"}],"wp:attachment":[{"href":"https:\/\/agora.xtec.cat\/escolamestralvilanova\/wp-json\/wp\/v2\/media?parent=1778"}],"wp:term":[{"taxonomy":"category","embeddable":true,"href":"https:\/\/agora.xtec.cat\/escolamestralvilanova\/wp-json\/wp\/v2\/categories?post=1778"},{"taxonomy":"post_tag","embeddable":true,"href":"https:\/\/agora.xtec.cat\/escolamestralvilanova\/wp-json\/wp\/v2\/tags?post=1778"}],"curies":[{"name":"wp","href":"https:\/\/api.w.org\/{rel}","templated":true}]}}