{"id":1707,"date":"2019-10-07T15:26:32","date_gmt":"2019-10-07T13:26:32","guid":{"rendered":"http:\/\/agora.xtec.cat\/escolamestralvilanova\/?p=1707"},"modified":"2019-10-08T22:07:40","modified_gmt":"2019-10-08T20:07:40","slug":"1a-trobada-de-zer","status":"publish","type":"post","link":"https:\/\/agora.xtec.cat\/escolamestralvilanova\/general\/1a-trobada-de-zer\/","title":{"rendered":"1\u00aa TROBADA DE ZER"},"content":{"rendered":"<p>El passat divendres 4 d&#8217;octubre tots els alumnes de la ZER ARGELAGA vam realitzar una sortida a la casa de col\u00f2nies &#8220;El Xop&#8221; per tal de passar un dia plegats i aix\u00ed realitzar activitats de conviv\u00e8ncia i de benvinguda al nou curs escolar.<\/p>\n<p>Ens ho vam passar d&#8217;all\u00f2 m\u00e9s b\u00e9!<\/p>\n<p><a href=\"https:\/\/photos.app.goo.gl\/ca5UwwKHJvDh2L7H8\"><img loading=\"lazy\" decoding=\"async\" class=\"alignnone size-medium wp-image-1708\" src=\"https:\/\/agora.xtec.cat\/escolamestralvilanova\/wp-content\/uploads\/usu729\/2019\/10\/IMG_5028-300x253.jpg\" alt=\"\" width=\"300\" height=\"253\" srcset=\"https:\/\/agora.xtec.cat\/escolamestralvilanova\/wp-content\/uploads\/usu729\/2019\/10\/IMG_5028-300x253.jpg 300w, https:\/\/agora.xtec.cat\/escolamestralvilanova\/wp-content\/uploads\/usu729\/2019\/10\/IMG_5028-768x647.jpg 768w, https:\/\/agora.xtec.cat\/escolamestralvilanova\/wp-content\/uploads\/usu729\/2019\/10\/IMG_5028.jpg 1000w\" sizes=\"auto, (max-width: 300px) 100vw, 300px\" \/><\/a><\/p>\n<ul>\n<li><a href=\"https:\/\/photos.app.goo.gl\/ca5UwwKHJvDh2L7H8\">ENLLA\u00c7 A LES FOTOGRAFIES<\/a><\/li>\n<\/ul>\n<p><em>NOTA: En els propers dies anirem ampliant el recull de fotografies de la Trobada.<\/em><\/p>\n","protected":false},"excerpt":{"rendered":"<p>El passat divendres 4 d&#8217;octubre tots els alumnes de la ZER ARGELAGA vam realitzar una sortida a la casa de col\u00f2nies &#8220;El Xop&#8221; per tal de passar un dia plegats i aix\u00ed realitzar activitats de conviv\u00e8ncia i de benvinguda al nou curs escolar.<br \/>\nEns ho vam&hellip;  <a href=\"https:\/\/agora.xtec.cat\/escolamestralvilanova\/general\/1a-trobada-de-zer\/\" title=\"Read 1\u00aa TROBADA DE ZER\">Llegeix m\u00e9s\u00bb<\/a><\/p>\n","protected":false},"author":1,"featured_media":0,"comment_status":"open","ping_status":"closed","sticky":false,"template":"","format":"standard","meta":{"_bbp_topic_count":0,"_bbp_reply_count":0,"_bbp_total_topic_count":0,"_bbp_total_reply_count":0,"_bbp_voice_count":0,"_bbp_anonymous_reply_count":0,"_bbp_topic_count_hidden":0,"_bbp_reply_count_hidden":0,"_bbp_forum_subforum_count":0,"footnotes":""},"categories":[13,11,12,15,3,8,9,10,1,2,4,5],"tags":[],"class_list":["post-1707","post","type-post","status-publish","format-standard","hentry","category-cinque","category-cicle-inicial","category-tercer-quart","category-cicle-superior","category-ei3-ei4-ei5","category-ei4","category-ei5","category-ei5-primer","category-general","category-infantil","category-portada","category-primaria"],"post_mailing_queue_ids":[],"_links":{"self":[{"href":"https:\/\/agora.xtec.cat\/escolamestralvilanova\/wp-json\/wp\/v2\/posts\/1707","targetHints":{"allow":["GET"]}}],"collection":[{"href":"https:\/\/agora.xtec.cat\/escolamestralvilanova\/wp-json\/wp\/v2\/posts"}],"about":[{"href":"https:\/\/agora.xtec.cat\/escolamestralvilanova\/wp-json\/wp\/v2\/types\/post"}],"author":[{"embeddable":true,"href":"https:\/\/agora.xtec.cat\/escolamestralvilanova\/wp-json\/wp\/v2\/users\/1"}],"replies":[{"embeddable":true,"href":"https:\/\/agora.xtec.cat\/escolamestralvilanova\/wp-json\/wp\/v2\/comments?post=1707"}],"version-history":[{"count":2,"href":"https:\/\/agora.xtec.cat\/escolamestralvilanova\/wp-json\/wp\/v2\/posts\/1707\/revisions"}],"predecessor-version":[{"id":1735,"href":"https:\/\/agora.xtec.cat\/escolamestralvilanova\/wp-json\/wp\/v2\/posts\/1707\/revisions\/1735"}],"wp:attachment":[{"href":"https:\/\/agora.xtec.cat\/escolamestralvilanova\/wp-json\/wp\/v2\/media?parent=1707"}],"wp:term":[{"taxonomy":"category","embeddable":true,"href":"https:\/\/agora.xtec.cat\/escolamestralvilanova\/wp-json\/wp\/v2\/categories?post=1707"},{"taxonomy":"post_tag","embeddable":true,"href":"https:\/\/agora.xtec.cat\/escolamestralvilanova\/wp-json\/wp\/v2\/tags?post=1707"}],"curies":[{"name":"wp","href":"https:\/\/api.w.org\/{rel}","templated":true}]}}