{"id":1702,"date":"2019-10-03T17:12:08","date_gmt":"2019-10-03T15:12:08","guid":{"rendered":"http:\/\/agora.xtec.cat\/escolamestralvilanova\/?p=1702"},"modified":"2019-10-07T20:28:21","modified_gmt":"2019-10-07T18:28:21","slug":"a-plantar","status":"publish","type":"post","link":"https:\/\/agora.xtec.cat\/escolamestralvilanova\/general\/a-plantar\/","title":{"rendered":"A PLANTAR!"},"content":{"rendered":"<p>Una vegada ja tenim l&#8217;hort a punt, durant la primera setmana d&#8217;octubre hem passat tots i totes per tal de plantar-hi els primers llegums.<\/p>\n<p>Abans per\u00f2, els alumnes d&#8217;educaci\u00f3 Infantil i Cicle Inicial, van anar al mercat dels divendres a recollir el planter, aquest ens el va donar, com sempre, el &#8220;Jarana&#8221;, per la qual cosa, aprofitem aquestes l\u00ednies per mostrar-li el nostre agra\u00efment.<\/p>\n<p>Ara, nom\u00e9s ens queda visitar l&#8217;hort per tal de regar-lo i cuidar-lo i aix\u00ed poder recollir els nostres fruits&#8230;<\/p>\n<p>Els alumnes de Cicle Superior tamb\u00e9 vam aprofitar per fer matem\u00e0tiques a l&#8217;hort, tot calculant la seva superf\u00edcie, el seu per\u00edmetre, etc.<\/p>\n<p><a href=\"https:\/\/photos.app.goo.gl\/sMqAKpGzm3aFUHMy7\"><img loading=\"lazy\" decoding=\"async\" class=\"alignnone size-medium wp-image-1704\" src=\"https:\/\/agora.xtec.cat\/escolamestralvilanova\/wp-content\/uploads\/usu729\/2019\/10\/IMG_4818-300x225.jpg\" alt=\"\" width=\"300\" height=\"225\" srcset=\"https:\/\/agora.xtec.cat\/escolamestralvilanova\/wp-content\/uploads\/usu729\/2019\/10\/IMG_4818-300x225.jpg 300w, https:\/\/agora.xtec.cat\/escolamestralvilanova\/wp-content\/uploads\/usu729\/2019\/10\/IMG_4818-768x576.jpg 768w, https:\/\/agora.xtec.cat\/escolamestralvilanova\/wp-content\/uploads\/usu729\/2019\/10\/IMG_4818-200x150.jpg 200w, https:\/\/agora.xtec.cat\/escolamestralvilanova\/wp-content\/uploads\/usu729\/2019\/10\/IMG_4818.jpg 1000w\" sizes=\"auto, (max-width: 300px) 100vw, 300px\" \/><\/a><\/p>\n<ul>\n<li><a href=\"https:\/\/photos.app.goo.gl\/sMqAKpGzm3aFUHMy7\">ENLLA\u00c7 A LES IMATGES<\/a><\/li>\n<\/ul>\n<p><em>NOTA: En els propers dies anirem ampliant el recull de fotografies.<\/em><\/p>\n","protected":false},"excerpt":{"rendered":"<p>Una vegada ja tenim l&#8217;hort a punt, durant la primera setmana d&#8217;octubre hem passat tots i totes per tal de plantar-hi els primers llegums.<br \/>\nAbans per\u00f2, els alumnes d&#8217;educaci\u00f3 Infantil i Cicle Inicial, van anar al mercat dels divendres a recollir el planter, aquest ens el&hellip;  <a href=\"https:\/\/agora.xtec.cat\/escolamestralvilanova\/general\/a-plantar\/\" title=\"Read A PLANTAR!\">Llegeix m\u00e9s\u00bb<\/a><\/p>\n","protected":false},"author":1,"featured_media":0,"comment_status":"open","ping_status":"closed","sticky":false,"template":"","format":"standard","meta":{"_bbp_topic_count":0,"_bbp_reply_count":0,"_bbp_total_topic_count":0,"_bbp_total_reply_count":0,"_bbp_voice_count":0,"_bbp_anonymous_reply_count":0,"_bbp_topic_count_hidden":0,"_bbp_reply_count_hidden":0,"_bbp_forum_subforum_count":0,"footnotes":""},"categories":[13,11,12,15,3,8,9,10,23,1,2,4,5],"tags":[],"class_list":["post-1702","post","type-post","status-publish","format-standard","hentry","category-cinque","category-cicle-inicial","category-tercer-quart","category-cicle-superior","category-ei3-ei4-ei5","category-ei4","category-ei5","category-ei5-primer","category-escola-verda","category-general","category-infantil","category-portada","category-primaria"],"post_mailing_queue_ids":[],"_links":{"self":[{"href":"https:\/\/agora.xtec.cat\/escolamestralvilanova\/wp-json\/wp\/v2\/posts\/1702","targetHints":{"allow":["GET"]}}],"collection":[{"href":"https:\/\/agora.xtec.cat\/escolamestralvilanova\/wp-json\/wp\/v2\/posts"}],"about":[{"href":"https:\/\/agora.xtec.cat\/escolamestralvilanova\/wp-json\/wp\/v2\/types\/post"}],"author":[{"embeddable":true,"href":"https:\/\/agora.xtec.cat\/escolamestralvilanova\/wp-json\/wp\/v2\/users\/1"}],"replies":[{"embeddable":true,"href":"https:\/\/agora.xtec.cat\/escolamestralvilanova\/wp-json\/wp\/v2\/comments?post=1702"}],"version-history":[{"count":3,"href":"https:\/\/agora.xtec.cat\/escolamestralvilanova\/wp-json\/wp\/v2\/posts\/1702\/revisions"}],"predecessor-version":[{"id":1710,"href":"https:\/\/agora.xtec.cat\/escolamestralvilanova\/wp-json\/wp\/v2\/posts\/1702\/revisions\/1710"}],"wp:attachment":[{"href":"https:\/\/agora.xtec.cat\/escolamestralvilanova\/wp-json\/wp\/v2\/media?parent=1702"}],"wp:term":[{"taxonomy":"category","embeddable":true,"href":"https:\/\/agora.xtec.cat\/escolamestralvilanova\/wp-json\/wp\/v2\/categories?post=1702"},{"taxonomy":"post_tag","embeddable":true,"href":"https:\/\/agora.xtec.cat\/escolamestralvilanova\/wp-json\/wp\/v2\/tags?post=1702"}],"curies":[{"name":"wp","href":"https:\/\/api.w.org\/{rel}","templated":true}]}}