{"id":1698,"date":"2019-09-29T17:59:24","date_gmt":"2019-09-29T15:59:24","guid":{"rendered":"http:\/\/agora.xtec.cat\/escolamestralvilanova\/?p=1698"},"modified":"2019-10-07T20:29:27","modified_gmt":"2019-10-07T18:29:27","slug":"treballem-la-terra-de-lhort","status":"publish","type":"post","link":"https:\/\/agora.xtec.cat\/escolamestralvilanova\/infantil\/treballem-la-terra-de-lhort\/","title":{"rendered":"TREBALLEM LA TERRA DE L&#8217;HORT!"},"content":{"rendered":"<p>Durant els darrers dies, tots els alumnes de l&#8217;escola, des de EI3 fins a Sis\u00e8, hem estat treballant la terra de l&#8217;hort per tal de deixar-la a punt i aix\u00ed poder-hi plantar hortalisses.<\/p>\n<p>Hem de donar les gr\u00e0cies al Sisco per la seva ajuda, ja que gr\u00e0cies al seu motocultor hem pogut avan\u00e7ar molt i deixar la terra en un estat \u00f2ptim&#8230;<\/p>\n<p>Ara, ja creiem que ja est\u00e0 a punt per rebre les primeres llavors&#8230;<\/p>\n<p><a href=\"https:\/\/photos.app.goo.gl\/ri6RaPNUiZV1w7qu5\"><img loading=\"lazy\" decoding=\"async\" class=\"alignnone size-medium wp-image-1699\" src=\"https:\/\/agora.xtec.cat\/escolamestralvilanova\/wp-content\/uploads\/usu729\/2019\/10\/IMG_4707-300x225.jpg\" alt=\"\" width=\"300\" height=\"225\" srcset=\"https:\/\/agora.xtec.cat\/escolamestralvilanova\/wp-content\/uploads\/usu729\/2019\/10\/IMG_4707-300x225.jpg 300w, https:\/\/agora.xtec.cat\/escolamestralvilanova\/wp-content\/uploads\/usu729\/2019\/10\/IMG_4707-768x576.jpg 768w, https:\/\/agora.xtec.cat\/escolamestralvilanova\/wp-content\/uploads\/usu729\/2019\/10\/IMG_4707-200x150.jpg 200w, https:\/\/agora.xtec.cat\/escolamestralvilanova\/wp-content\/uploads\/usu729\/2019\/10\/IMG_4707.jpg 1000w\" sizes=\"auto, (max-width: 300px) 100vw, 300px\" \/><\/a><\/p>\n<ul>\n<li><a href=\"https:\/\/photos.app.goo.gl\/ri6RaPNUiZV1w7qu5\">ENLLA\u00c7 A LES FOTOGRAFIES<\/a><\/li>\n<\/ul>\n<p><em>NOTA: En els propers dies anirem ampliant el recull de fotografies.<\/em><\/p>\n","protected":false},"excerpt":{"rendered":"<p>Durant els darrers dies, tots els alumnes de l&#8217;escola, des de EI3 fins a Sis\u00e8, hem estat treballant la terra de l&#8217;hort per tal de deixar-la a punt i aix\u00ed poder-hi plantar hortalisses.<br \/>\nHem de donar les gr\u00e0cies al Sisco per la seva ajuda, ja que&hellip;  <a href=\"https:\/\/agora.xtec.cat\/escolamestralvilanova\/infantil\/treballem-la-terra-de-lhort\/\" title=\"Read TREBALLEM LA TERRA DE L&#8217;HORT!\">Llegeix m\u00e9s\u00bb<\/a><\/p>\n","protected":false},"author":1,"featured_media":0,"comment_status":"open","ping_status":"closed","sticky":false,"template":"","format":"standard","meta":{"_bbp_topic_count":0,"_bbp_reply_count":0,"_bbp_total_topic_count":0,"_bbp_total_reply_count":0,"_bbp_voice_count":0,"_bbp_anonymous_reply_count":0,"_bbp_topic_count_hidden":0,"_bbp_reply_count_hidden":0,"_bbp_forum_subforum_count":0,"footnotes":""},"categories":[13,11,12,15,3,8,9,10,23,2,4,5],"tags":[],"class_list":["post-1698","post","type-post","status-publish","format-standard","hentry","category-cinque","category-cicle-inicial","category-tercer-quart","category-cicle-superior","category-ei3-ei4-ei5","category-ei4","category-ei5","category-ei5-primer","category-escola-verda","category-infantil","category-portada","category-primaria"],"post_mailing_queue_ids":[],"_links":{"self":[{"href":"https:\/\/agora.xtec.cat\/escolamestralvilanova\/wp-json\/wp\/v2\/posts\/1698","targetHints":{"allow":["GET"]}}],"collection":[{"href":"https:\/\/agora.xtec.cat\/escolamestralvilanova\/wp-json\/wp\/v2\/posts"}],"about":[{"href":"https:\/\/agora.xtec.cat\/escolamestralvilanova\/wp-json\/wp\/v2\/types\/post"}],"author":[{"embeddable":true,"href":"https:\/\/agora.xtec.cat\/escolamestralvilanova\/wp-json\/wp\/v2\/users\/1"}],"replies":[{"embeddable":true,"href":"https:\/\/agora.xtec.cat\/escolamestralvilanova\/wp-json\/wp\/v2\/comments?post=1698"}],"version-history":[{"count":3,"href":"https:\/\/agora.xtec.cat\/escolamestralvilanova\/wp-json\/wp\/v2\/posts\/1698\/revisions"}],"predecessor-version":[{"id":1712,"href":"https:\/\/agora.xtec.cat\/escolamestralvilanova\/wp-json\/wp\/v2\/posts\/1698\/revisions\/1712"}],"wp:attachment":[{"href":"https:\/\/agora.xtec.cat\/escolamestralvilanova\/wp-json\/wp\/v2\/media?parent=1698"}],"wp:term":[{"taxonomy":"category","embeddable":true,"href":"https:\/\/agora.xtec.cat\/escolamestralvilanova\/wp-json\/wp\/v2\/categories?post=1698"},{"taxonomy":"post_tag","embeddable":true,"href":"https:\/\/agora.xtec.cat\/escolamestralvilanova\/wp-json\/wp\/v2\/tags?post=1698"}],"curies":[{"name":"wp","href":"https:\/\/api.w.org\/{rel}","templated":true}]}}