{"id":1692,"date":"2019-09-13T17:32:59","date_gmt":"2019-09-13T15:32:59","guid":{"rendered":"http:\/\/agora.xtec.cat\/escolamestralvilanova\/?p=1692"},"modified":"2019-10-07T22:12:33","modified_gmt":"2019-10-07T20:12:33","slug":"un-nou-curs-escolar","status":"publish","type":"post","link":"https:\/\/agora.xtec.cat\/escolamestralvilanova\/general\/un-nou-curs-escolar\/","title":{"rendered":"UN NOU CURS ESCOLAR!"},"content":{"rendered":"<p>El passat 12 de setembre vam donar la benvinguda a un nou curs escolar&#8230;<\/p>\n<p>En sonar\u00a0els primers acords de la m\u00fasica que d\u00f3na la benvinguda i indica l&#8217;entrada a l&#8217;escola, tots i totes hi vam accedir omplint els seu passad\u00eds i les seves aules d&#8217;il\u00b7lusi\u00f3 i felicitat pel nou curs que estava a punt d&#8217;iniciar-se.<\/p>\n<p>El primer dia \u00e9s un dia especial, ja que tots i totes tenim moltes ganes de retrobar-nos amb els nostres companys\/es i mestres, i aix\u00ed explicar les viv\u00e8ncies viscudes durant el per\u00edode de vacances.<\/p>\n<p>Tamb\u00e9 \u00e9s un dia per a la reflexi\u00f3, per la qual cosa tota l&#8217;escola vam realitzar una din\u00e0mica que va consistir en el visionat de la pel\u00b7l\u00edcula <em>&#8220;L&#8217;equip petit&#8221;<\/em> aquesta ens permetria una posterior reflexi\u00f3 vers el seu contingut que ens conduiria a un pensament per aula.<\/p>\n<p><iframe loading=\"lazy\" src=\"https:\/\/www.youtube.com\/embed\/90ogCAH3shE\" width=\"360\" height=\"300\" frameborder=\"0\" allowfullscreen=\"allowfullscreen\"><span data-mce-type=\"bookmark\" style=\"display: inline-block; width: 0px; overflow: hidden; line-height: 0;\" class=\"mce_SELRES_start\"><span data-mce-type=\"bookmark\" style=\"display: inline-block; width: 0px; overflow: hidden; line-height: 0;\" class=\"mce_SELRES_start\">\ufeff<\/span>\ufeff<\/span><span data-mce-type=\"bookmark\" style=\"display: inline-block; width: 0px; overflow: hidden; line-height: 0;\" class=\"mce_SELRES_start\">\ufeff<\/span><span data-mce-type=\"bookmark\" style=\"display: inline-block; width: 0px; overflow: hidden; line-height: 0;\" class=\"mce_SELRES_start\">\ufeff<\/span><\/iframe><\/p>\n<p>Tota la comunitat educativa estem molt il\u00b7lusionats i amb moltes ganes pel nou curs que acaba de comen\u00e7ar!<\/p>\n<p>Tanmateix, tamb\u00e9 volem donar la benvinguda als alumnes que comencen la seva escolaritat a la nostra escola.<\/p>\n<p><a href=\"https:\/\/photos.app.goo.gl\/9VYPCyfJebN2riPk7\">FOTOGRAFIES DEL PRIMER DIA<\/a><\/p>\n","protected":false},"excerpt":{"rendered":"<p>El passat 12 de setembre vam donar la benvinguda a un nou curs escolar&#8230;<br \/>\nEn sonar\u00a0els primers acords de la m\u00fasica que d\u00f3na la benvinguda i indica l&#8217;entrada a l&#8217;escola, tots i totes hi vam accedir omplint els seu passad\u00eds i les seves aules d&#8217;il\u00b7lusi\u00f3 i&hellip;  <a href=\"https:\/\/agora.xtec.cat\/escolamestralvilanova\/general\/un-nou-curs-escolar\/\" title=\"Read UN NOU CURS ESCOLAR!\">Llegeix m\u00e9s\u00bb<\/a><\/p>\n","protected":false},"author":1,"featured_media":1693,"comment_status":"open","ping_status":"closed","sticky":false,"template":"","format":"standard","meta":{"_bbp_topic_count":0,"_bbp_reply_count":0,"_bbp_total_topic_count":0,"_bbp_total_reply_count":0,"_bbp_voice_count":0,"_bbp_anonymous_reply_count":0,"_bbp_topic_count_hidden":0,"_bbp_reply_count_hidden":0,"_bbp_forum_subforum_count":0,"footnotes":""},"categories":[1,4],"tags":[],"class_list":["post-1692","post","type-post","status-publish","format-standard","has-post-thumbnail","hentry","category-general","category-portada"],"post_mailing_queue_ids":[],"_links":{"self":[{"href":"https:\/\/agora.xtec.cat\/escolamestralvilanova\/wp-json\/wp\/v2\/posts\/1692","targetHints":{"allow":["GET"]}}],"collection":[{"href":"https:\/\/agora.xtec.cat\/escolamestralvilanova\/wp-json\/wp\/v2\/posts"}],"about":[{"href":"https:\/\/agora.xtec.cat\/escolamestralvilanova\/wp-json\/wp\/v2\/types\/post"}],"author":[{"embeddable":true,"href":"https:\/\/agora.xtec.cat\/escolamestralvilanova\/wp-json\/wp\/v2\/users\/1"}],"replies":[{"embeddable":true,"href":"https:\/\/agora.xtec.cat\/escolamestralvilanova\/wp-json\/wp\/v2\/comments?post=1692"}],"version-history":[{"count":2,"href":"https:\/\/agora.xtec.cat\/escolamestralvilanova\/wp-json\/wp\/v2\/posts\/1692\/revisions"}],"predecessor-version":[{"id":1721,"href":"https:\/\/agora.xtec.cat\/escolamestralvilanova\/wp-json\/wp\/v2\/posts\/1692\/revisions\/1721"}],"wp:featuredmedia":[{"embeddable":true,"href":"https:\/\/agora.xtec.cat\/escolamestralvilanova\/wp-json\/wp\/v2\/media\/1693"}],"wp:attachment":[{"href":"https:\/\/agora.xtec.cat\/escolamestralvilanova\/wp-json\/wp\/v2\/media?parent=1692"}],"wp:term":[{"taxonomy":"category","embeddable":true,"href":"https:\/\/agora.xtec.cat\/escolamestralvilanova\/wp-json\/wp\/v2\/categories?post=1692"},{"taxonomy":"post_tag","embeddable":true,"href":"https:\/\/agora.xtec.cat\/escolamestralvilanova\/wp-json\/wp\/v2\/tags?post=1692"}],"curies":[{"name":"wp","href":"https:\/\/api.w.org\/{rel}","templated":true}]}}