{"id":1639,"date":"2019-09-24T21:34:39","date_gmt":"2019-09-24T19:34:39","guid":{"rendered":"http:\/\/agora.xtec.cat\/escolamestralvilanova\/?p=1639"},"modified":"2019-09-30T10:40:07","modified_gmt":"2019-09-30T08:40:07","slug":"reunio-inici-de-curs-3","status":"publish","type":"post","link":"https:\/\/agora.xtec.cat\/escolamestralvilanova\/general\/reunio-inici-de-curs-3\/","title":{"rendered":"REUNI\u00d3 INICI DE CURS"},"content":{"rendered":"<p>El proper <strong>dimecres 25 de setembre<\/strong>\u00a0a les <strong>19:30 hores<\/strong> es dur\u00e0 a terme la reuni\u00f3 d&#8217;inci de curs amb les fam\u00edlies.<\/p>\n<p class=\"gmail_default\">Aquesta constar\u00e0 de dues parts:<\/p>\n<ul>\n<li class=\"gmail_default\"><a href=\"https:\/\/agora.xtec.cat\/escolamestralvilanova\/wp-content\/uploads\/usu729\/2019\/09\/Imatge-reuni\u00f3-inici-de-curs.png\"><br \/>\n<\/a>19:30 h. Reuni\u00f3 general a la sala gran del Casal d&#8217;Entitats<\/li>\n<li class=\"gmail_default\">I en acabar, reuni\u00f3 amb els tutors\/es a les aules<\/li>\n<\/ul>\n<p class=\"gmail_default\">Esperem la vostra assist\u00e8ncia!<\/p>\n<p><a href=\"https:\/\/agora.xtec.cat\/escolamestralvilanova\/wp-content\/uploads\/usu729\/2019\/09\/Diptic-2019-2020-.pdf\">D\u00cdPTIC DE LA REUNI\u00d3<\/a><\/p>\n<p><a href=\"https:\/\/agora.xtec.cat\/escolamestralvilanova\/wp-content\/uploads\/usu729\/2019\/09\/Imatge-reuni\u00f3-inici-de-curs.png\"><img loading=\"lazy\" decoding=\"async\" class=\"wp-image-1641 alignright\" src=\"https:\/\/agora.xtec.cat\/escolamestralvilanova\/wp-content\/uploads\/usu729\/2019\/09\/Imatge-reuni\u00f3-inici-de-curs-300x213.png\" alt=\"\" width=\"200\" height=\"142\" srcset=\"https:\/\/agora.xtec.cat\/escolamestralvilanova\/wp-content\/uploads\/usu729\/2019\/09\/Imatge-reuni\u00f3-inici-de-curs-300x213.png 300w, https:\/\/agora.xtec.cat\/escolamestralvilanova\/wp-content\/uploads\/usu729\/2019\/09\/Imatge-reuni\u00f3-inici-de-curs.png 560w\" sizes=\"auto, (max-width: 200px) 100vw, 200px\" \/><\/a><\/p>\n","protected":false},"excerpt":{"rendered":"<p>El proper dimecres 25 de setembre\u00a0a les 19:30 hores es dur\u00e0 a terme la reuni\u00f3 d&#8217;inci de curs amb les fam\u00edlies.<br \/>\nAquesta constar\u00e0 de dues parts:<\/p>\n<ul>\n<li class=\"gmail_default\"><a href=\"https:\/\/agora.xtec.cat\/escolamestralvilanova\/wp-content\/uploads\/usu729\/2019\/09\/Imatge-reuni\u00f3-inici-de-curs.png\"><br \/>\n<\/a>19:30 h. Reuni\u00f3 general a la sala gran del Casal d&#8217;Entitats<\/li>\n<li class=\"gmail_default\">I en acabar, reuni\u00f3 amb els tutors\/es a&hellip;  <a href=\"https:\/\/agora.xtec.cat\/escolamestralvilanova\/general\/reunio-inici-de-curs-3\/\" title=\"Read REUNI\u00d3 INICI DE CURS\">Llegeix m\u00e9s\u00bb<\/a><br \/>\n","protected":false},"author":1,"featured_media":0,"comment_status":"open","ping_status":"closed","sticky":false,"template":"","format":"standard","meta":{"_bbp_topic_count":0,"_bbp_reply_count":0,"_bbp_total_topic_count":0,"_bbp_total_reply_count":0,"_bbp_voice_count":0,"_bbp_anonymous_reply_count":0,"_bbp_topic_count_hidden":0,"_bbp_reply_count_hidden":0,"_bbp_forum_subforum_count":0,"footnotes":""},"categories":[57,1,4],"tags":[],"class_list":["post-1639","post","type-post","status-publish","format-standard","hentry","category-espai-families","category-general","category-portada"],"post_mailing_queue_ids":[],"_links":{"self":[{"href":"https:\/\/agora.xtec.cat\/escolamestralvilanova\/wp-json\/wp\/v2\/posts\/1639","targetHints":{"allow":["GET"]}}],"collection":[{"href":"https:\/\/agora.xtec.cat\/escolamestralvilanova\/wp-json\/wp\/v2\/posts"}],"about":[{"href":"https:\/\/agora.xtec.cat\/escolamestralvilanova\/wp-json\/wp\/v2\/types\/post"}],"author":[{"embeddable":true,"href":"https:\/\/agora.xtec.cat\/escolamestralvilanova\/wp-json\/wp\/v2\/users\/1"}],"replies":[{"embeddable":true,"href":"https:\/\/agora.xtec.cat\/escolamestralvilanova\/wp-json\/wp\/v2\/comments?post=1639"}],"version-history":[{"count":3,"href":"https:\/\/agora.xtec.cat\/escolamestralvilanova\/wp-json\/wp\/v2\/posts\/1639\/revisions"}],"predecessor-version":[{"id":1670,"href":"https:\/\/agora.xtec.cat\/escolamestralvilanova\/wp-json\/wp\/v2\/posts\/1639\/revisions\/1670"}],"wp:attachment":[{"href":"https:\/\/agora.xtec.cat\/escolamestralvilanova\/wp-json\/wp\/v2\/media?parent=1639"}],"wp:term":[{"taxonomy":"category","embeddable":true,"href":"https:\/\/agora.xtec.cat\/escolamestralvilanova\/wp-json\/wp\/v2\/categories?post=1639"},{"taxonomy":"post_tag","embeddable":true,"href":"https:\/\/agora.xtec.cat\/escolamestralvilanova\/wp-json\/wp\/v2\/tags?post=1639"}],"curies":[{"name":"wp","href":"https:\/\/api.w.org\/{rel}","templated":true}]}}