{"id":1575,"date":"2019-06-21T08:56:51","date_gmt":"2019-06-21T06:56:51","guid":{"rendered":"http:\/\/agora.xtec.cat\/escolamestralvilanova\/?p=1575"},"modified":"2019-06-25T15:46:05","modified_gmt":"2019-06-25T13:46:05","slug":"ultim-dia","status":"publish","type":"post","link":"https:\/\/agora.xtec.cat\/escolamestralvilanova\/infantil\/ultim-dia\/","title":{"rendered":"\u00daLTIM DIA DEL CURS"},"content":{"rendered":"<p>El divendres 21 de juny va ser un dia molt especial ja que don\u00e0vem fi al curs 2018-2019.<\/p>\n<p>D&#8217;aquesta manera, durant tot el mat\u00ed vam estar compartint jocs i viv\u00e8ncies amb els\/les nostres companys\/es, aix\u00ed com vam dur a terme la Gimcana d&#8217;Aigua. Abans per\u00f2, vam agafar forces tot esmorzant pa amb pernil i formatge que ens va portar l&#8217;AMPA.<\/p>\n<p>Per \u00faltim, vam acomiadar als nens i nenes de sis\u00e8 que despr\u00e9s de nou anys a l&#8217;escola inicien un nou cam\u00ed a l&#8217;institut.<\/p>\n<p>Esperem que els hi vagi molt b\u00e9!<\/p>\n<ul>\n<li><a href=\"https:\/\/photos.app.goo.gl\/7qqnimVS3iAygDHK8\">ENLLA\u00c7 A LES FOTOGRAFIES<\/a><\/li>\n<\/ul>\n<p><a href=\"https:\/\/agora.xtec.cat\/escolamestralvilanova\/wp-content\/uploads\/usu729\/2019\/06\/IMG_2687.jpg\"><img loading=\"lazy\" decoding=\"async\" class=\"alignnone size-medium wp-image-1576\" src=\"https:\/\/agora.xtec.cat\/escolamestralvilanova\/wp-content\/uploads\/usu729\/2019\/06\/IMG_2687-300x225.jpg\" alt=\"\" width=\"300\" height=\"225\" srcset=\"https:\/\/agora.xtec.cat\/escolamestralvilanova\/wp-content\/uploads\/usu729\/2019\/06\/IMG_2687-300x225.jpg 300w, https:\/\/agora.xtec.cat\/escolamestralvilanova\/wp-content\/uploads\/usu729\/2019\/06\/IMG_2687-768x576.jpg 768w, https:\/\/agora.xtec.cat\/escolamestralvilanova\/wp-content\/uploads\/usu729\/2019\/06\/IMG_2687-1024x768.jpg 1024w, https:\/\/agora.xtec.cat\/escolamestralvilanova\/wp-content\/uploads\/usu729\/2019\/06\/IMG_2687-200x150.jpg 200w, https:\/\/agora.xtec.cat\/escolamestralvilanova\/wp-content\/uploads\/usu729\/2019\/06\/IMG_2687.jpg 2000w\" sizes=\"auto, (max-width: 300px) 100vw, 300px\" \/><\/a><\/p>\n","protected":false},"excerpt":{"rendered":"<p>El divendres 21 de juny va ser un dia molt especial ja que don\u00e0vem fi al curs 2018-2019.<br \/>\nD&#8217;aquesta manera, durant tot el mat\u00ed vam estar compartint jocs i viv\u00e8ncies amb els\/les nostres companys\/es, aix\u00ed com vam dur a terme la Gimcana d&#8217;Aigua. Abans per\u00f2, vam&hellip;  <a href=\"https:\/\/agora.xtec.cat\/escolamestralvilanova\/infantil\/ultim-dia\/\" title=\"Read \u00daLTIM DIA DEL CURS\">Llegeix m\u00e9s\u00bb<\/a><\/p>\n","protected":false},"author":1,"featured_media":0,"comment_status":"open","ping_status":"closed","sticky":false,"template":"","format":"standard","meta":{"_bbp_topic_count":0,"_bbp_reply_count":0,"_bbp_total_topic_count":0,"_bbp_total_reply_count":0,"_bbp_voice_count":0,"_bbp_anonymous_reply_count":0,"_bbp_topic_count_hidden":0,"_bbp_reply_count_hidden":0,"_bbp_forum_subforum_count":0,"footnotes":""},"categories":[13,11,12,15,3,14,8,9,10,2,4,5],"tags":[],"class_list":["post-1575","post","type-post","status-publish","format-standard","hentry","category-cinque","category-cicle-inicial","category-tercer-quart","category-cicle-superior","category-ei3-ei4-ei5","category-ei1-ei2","category-ei4","category-ei5","category-ei5-primer","category-infantil","category-portada","category-primaria"],"post_mailing_queue_ids":[],"_links":{"self":[{"href":"https:\/\/agora.xtec.cat\/escolamestralvilanova\/wp-json\/wp\/v2\/posts\/1575","targetHints":{"allow":["GET"]}}],"collection":[{"href":"https:\/\/agora.xtec.cat\/escolamestralvilanova\/wp-json\/wp\/v2\/posts"}],"about":[{"href":"https:\/\/agora.xtec.cat\/escolamestralvilanova\/wp-json\/wp\/v2\/types\/post"}],"author":[{"embeddable":true,"href":"https:\/\/agora.xtec.cat\/escolamestralvilanova\/wp-json\/wp\/v2\/users\/1"}],"replies":[{"embeddable":true,"href":"https:\/\/agora.xtec.cat\/escolamestralvilanova\/wp-json\/wp\/v2\/comments?post=1575"}],"version-history":[{"count":3,"href":"https:\/\/agora.xtec.cat\/escolamestralvilanova\/wp-json\/wp\/v2\/posts\/1575\/revisions"}],"predecessor-version":[{"id":1592,"href":"https:\/\/agora.xtec.cat\/escolamestralvilanova\/wp-json\/wp\/v2\/posts\/1575\/revisions\/1592"}],"wp:attachment":[{"href":"https:\/\/agora.xtec.cat\/escolamestralvilanova\/wp-json\/wp\/v2\/media?parent=1575"}],"wp:term":[{"taxonomy":"category","embeddable":true,"href":"https:\/\/agora.xtec.cat\/escolamestralvilanova\/wp-json\/wp\/v2\/categories?post=1575"},{"taxonomy":"post_tag","embeddable":true,"href":"https:\/\/agora.xtec.cat\/escolamestralvilanova\/wp-json\/wp\/v2\/tags?post=1575"}],"curies":[{"name":"wp","href":"https:\/\/api.w.org\/{rel}","templated":true}]}}