{"id":1526,"date":"2019-06-17T09:00:34","date_gmt":"2019-06-17T07:00:34","guid":{"rendered":"http:\/\/agora.xtec.cat\/escolamestralvilanova\/?p=1526"},"modified":"2019-06-17T10:20:50","modified_gmt":"2019-06-17T08:20:50","slug":"orles-sise-2","status":"publish","type":"post","link":"https:\/\/agora.xtec.cat\/escolamestralvilanova\/general\/orles-sise-2\/","title":{"rendered":"ORLES SIS\u00c8"},"content":{"rendered":"<p>El passat dissabte 15 de juny, es va dur a terme l&#8217;acte d&#8217;acomiadament dels i les alumnes de sis\u00e8 curs.<\/p>\n<p>Despr\u00e9s de nou anys a l\u2019escola \u00e9s el moment de comen\u00e7ar una nova etapa,\u00a0 \u00e9s temps per valorar el bon cam\u00ed que heu fet plegats i la motxilla plena de viv\u00e8ncies, de descobertes, de participaci\u00f3, d\u2019opinions, d\u2019aprenentatges que us emporteu de la vostra estada a l\u2019escola Mestral, la vostra estimada escola que sempre recordareu i que sempre us tindr\u00e0 les portes obertes.<\/p>\n<p>De cara al futur us desitgem molta i molta sort. L\u2019escola Mestral sempre ser\u00e0 la vostra escola.<\/p>\n<p><a href=\"https:\/\/agora.xtec.cat\/escolamestralvilanova\/wp-content\/uploads\/usu729\/2019\/06\/F9C67C05-E43C-45C2-BFA9-5FBEE89908A9.jpeg\"><img loading=\"lazy\" decoding=\"async\" class=\"alignnone size-medium wp-image-1527\" src=\"https:\/\/agora.xtec.cat\/escolamestralvilanova\/wp-content\/uploads\/usu729\/2019\/06\/F9C67C05-E43C-45C2-BFA9-5FBEE89908A9-300x300.jpeg\" alt=\"\" width=\"300\" height=\"300\" srcset=\"https:\/\/agora.xtec.cat\/escolamestralvilanova\/wp-content\/uploads\/usu729\/2019\/06\/F9C67C05-E43C-45C2-BFA9-5FBEE89908A9-300x300.jpeg 300w, https:\/\/agora.xtec.cat\/escolamestralvilanova\/wp-content\/uploads\/usu729\/2019\/06\/F9C67C05-E43C-45C2-BFA9-5FBEE89908A9-150x150.jpeg 150w, https:\/\/agora.xtec.cat\/escolamestralvilanova\/wp-content\/uploads\/usu729\/2019\/06\/F9C67C05-E43C-45C2-BFA9-5FBEE89908A9-768x768.jpeg 768w, https:\/\/agora.xtec.cat\/escolamestralvilanova\/wp-content\/uploads\/usu729\/2019\/06\/F9C67C05-E43C-45C2-BFA9-5FBEE89908A9-1024x1024.jpeg 1024w, https:\/\/agora.xtec.cat\/escolamestralvilanova\/wp-content\/uploads\/usu729\/2019\/06\/F9C67C05-E43C-45C2-BFA9-5FBEE89908A9.jpeg 2000w\" sizes=\"auto, (max-width: 300px) 100vw, 300px\" \/><\/a><\/p>\n<ul>\n<li><a href=\"https:\/\/drive.google.com\/file\/d\/19wWfGBkzL-ZjGP9gE4UxUw355Zy1VwtR\/view?usp=sharing\">ENLLA\u00c7 AL V\u00cdDEO<\/a><\/li>\n<li><a href=\"https:\/\/photos.app.goo.gl\/VwG62t1Wbucwg8a46\">ENLLA\u00c7 A LES FOTOGRAFIES<\/a><\/li>\n<\/ul>\n<p>&nbsp;<\/p>\n","protected":false},"excerpt":{"rendered":"<p>El passat dissabte 15 de juny, es va dur a terme l&#8217;acte d&#8217;acomiadament dels i les alumnes de sis\u00e8 curs.<br \/>\nDespr\u00e9s de nou anys a l\u2019escola \u00e9s el moment de comen\u00e7ar una nova etapa,\u00a0 \u00e9s temps per valorar el bon cam\u00ed que heu fet plegats i&hellip;  <a href=\"https:\/\/agora.xtec.cat\/escolamestralvilanova\/general\/orles-sise-2\/\" title=\"Read ORLES SIS\u00c8\">Llegeix m\u00e9s\u00bb<\/a><\/p>\n","protected":false},"author":1,"featured_media":0,"comment_status":"open","ping_status":"closed","sticky":false,"template":"","format":"standard","meta":{"_bbp_topic_count":0,"_bbp_reply_count":0,"_bbp_total_topic_count":0,"_bbp_total_reply_count":0,"_bbp_voice_count":0,"_bbp_anonymous_reply_count":0,"_bbp_topic_count_hidden":0,"_bbp_reply_count_hidden":0,"_bbp_forum_subforum_count":0,"footnotes":""},"categories":[15,1,4,5],"tags":[],"class_list":["post-1526","post","type-post","status-publish","format-standard","hentry","category-cicle-superior","category-general","category-portada","category-primaria"],"post_mailing_queue_ids":[],"_links":{"self":[{"href":"https:\/\/agora.xtec.cat\/escolamestralvilanova\/wp-json\/wp\/v2\/posts\/1526","targetHints":{"allow":["GET"]}}],"collection":[{"href":"https:\/\/agora.xtec.cat\/escolamestralvilanova\/wp-json\/wp\/v2\/posts"}],"about":[{"href":"https:\/\/agora.xtec.cat\/escolamestralvilanova\/wp-json\/wp\/v2\/types\/post"}],"author":[{"embeddable":true,"href":"https:\/\/agora.xtec.cat\/escolamestralvilanova\/wp-json\/wp\/v2\/users\/1"}],"replies":[{"embeddable":true,"href":"https:\/\/agora.xtec.cat\/escolamestralvilanova\/wp-json\/wp\/v2\/comments?post=1526"}],"version-history":[{"count":2,"href":"https:\/\/agora.xtec.cat\/escolamestralvilanova\/wp-json\/wp\/v2\/posts\/1526\/revisions"}],"predecessor-version":[{"id":1531,"href":"https:\/\/agora.xtec.cat\/escolamestralvilanova\/wp-json\/wp\/v2\/posts\/1526\/revisions\/1531"}],"wp:attachment":[{"href":"https:\/\/agora.xtec.cat\/escolamestralvilanova\/wp-json\/wp\/v2\/media?parent=1526"}],"wp:term":[{"taxonomy":"category","embeddable":true,"href":"https:\/\/agora.xtec.cat\/escolamestralvilanova\/wp-json\/wp\/v2\/categories?post=1526"},{"taxonomy":"post_tag","embeddable":true,"href":"https:\/\/agora.xtec.cat\/escolamestralvilanova\/wp-json\/wp\/v2\/tags?post=1526"}],"curies":[{"name":"wp","href":"https:\/\/api.w.org\/{rel}","templated":true}]}}