{"id":1478,"date":"2019-05-30T13:48:04","date_gmt":"2019-05-30T11:48:04","guid":{"rendered":"http:\/\/agora.xtec.cat\/escolamestralvilanova\/?p=1478"},"modified":"2019-05-30T13:49:13","modified_gmt":"2019-05-30T11:49:13","slug":"col%c2%b7laboracio-amb-laula-hospitalaria","status":"publish","type":"post","link":"https:\/\/agora.xtec.cat\/escolamestralvilanova\/portada\/col%c2%b7laboracio-amb-laula-hospitalaria\/","title":{"rendered":"COL\u00b7LABORACI\u00d3 AMB L&#8217;AULA HOSPITAL\u00c0RIA"},"content":{"rendered":"<p>Els alumnes de l&#8217;escola han participat amb l&#8217;aula Hospital\u00e0ria de l&#8217;Arnau de Vilanova, tot confeccionant diferents p\u00f2sters d&#8217;\u00e0nim i esperan\u00e7a per als nens i nenes malalts.<\/p>\n<p>Amb aquests p\u00f2sters s&#8217;ha pret\u00e9s la transmissi\u00f3 de valors com la il\u00b7lusi\u00f3, l&#8217;esperan\u00e7a i la for\u00e7a per seguir endavant.<\/p>\n<ul>\n<li><a href=\"https:\/\/aulahospitalariadrantonicambrodi15.blogspot.com\/2019\/05\/posters-de-la-escuela-mestral-de.html\">ENLLA\u00c7<\/a><\/li>\n<\/ul>\n<p><a href=\"https:\/\/agora.xtec.cat\/escolamestralvilanova\/wp-content\/uploads\/usu729\/2019\/05\/huav_c.jpg\"><img loading=\"lazy\" decoding=\"async\" class=\"alignnone size-medium wp-image-1479\" src=\"https:\/\/agora.xtec.cat\/escolamestralvilanova\/wp-content\/uploads\/usu729\/2019\/05\/huav_c-300x143.jpg\" alt=\"\" width=\"300\" height=\"143\" srcset=\"https:\/\/agora.xtec.cat\/escolamestralvilanova\/wp-content\/uploads\/usu729\/2019\/05\/huav_c-300x143.jpg 300w, https:\/\/agora.xtec.cat\/escolamestralvilanova\/wp-content\/uploads\/usu729\/2019\/05\/huav_c-768x367.jpg 768w, https:\/\/agora.xtec.cat\/escolamestralvilanova\/wp-content\/uploads\/usu729\/2019\/05\/huav_c.jpg 917w\" sizes=\"auto, (max-width: 300px) 100vw, 300px\" \/><\/a><\/p>\n","protected":false},"excerpt":{"rendered":"<p>Els alumnes de l&#8217;escola han participat amb l&#8217;aula Hospital\u00e0ria de l&#8217;Arnau de Vilanova, tot confeccionant diferents p\u00f2sters d&#8217;\u00e0nim i esperan\u00e7a per als nens i nenes malalts.<br \/>\nAmb aquests p\u00f2sters s&#8217;ha pret\u00e9s la transmissi\u00f3 de valors com la il\u00b7lusi\u00f3, l&#8217;esperan\u00e7a i la for\u00e7a per seguir endavant.<\/p>\n<ul>\n<li><a href=\"https:\/\/aulahospitalariadrantonicambrodi15.blogspot.com\/2019\/05\/posters-de-la-escuela-mestral-de.html\">ENLLA\u00c7<\/a><\/li>\n<\/ul>\n<p><a&hellip;  <a href=\"https:\/\/agora.xtec.cat\/escolamestralvilanova\/portada\/col%c2%b7laboracio-amb-laula-hospitalaria\/\" title=\"Read COL\u00b7LABORACI\u00d3 AMB L&#8217;AULA HOSPITAL\u00c0RIA\">Llegeix m\u00e9s\u00bb<\/a><\/p>\n","protected":false},"author":1,"featured_media":0,"comment_status":"open","ping_status":"closed","sticky":false,"template":"","format":"standard","meta":{"_bbp_topic_count":0,"_bbp_reply_count":0,"_bbp_total_topic_count":0,"_bbp_total_reply_count":0,"_bbp_voice_count":0,"_bbp_anonymous_reply_count":0,"_bbp_topic_count_hidden":0,"_bbp_reply_count_hidden":0,"_bbp_forum_subforum_count":0,"footnotes":""},"categories":[15,4,5],"tags":[],"class_list":["post-1478","post","type-post","status-publish","format-standard","hentry","category-cicle-superior","category-portada","category-primaria"],"post_mailing_queue_ids":[],"_links":{"self":[{"href":"https:\/\/agora.xtec.cat\/escolamestralvilanova\/wp-json\/wp\/v2\/posts\/1478","targetHints":{"allow":["GET"]}}],"collection":[{"href":"https:\/\/agora.xtec.cat\/escolamestralvilanova\/wp-json\/wp\/v2\/posts"}],"about":[{"href":"https:\/\/agora.xtec.cat\/escolamestralvilanova\/wp-json\/wp\/v2\/types\/post"}],"author":[{"embeddable":true,"href":"https:\/\/agora.xtec.cat\/escolamestralvilanova\/wp-json\/wp\/v2\/users\/1"}],"replies":[{"embeddable":true,"href":"https:\/\/agora.xtec.cat\/escolamestralvilanova\/wp-json\/wp\/v2\/comments?post=1478"}],"version-history":[{"count":2,"href":"https:\/\/agora.xtec.cat\/escolamestralvilanova\/wp-json\/wp\/v2\/posts\/1478\/revisions"}],"predecessor-version":[{"id":1481,"href":"https:\/\/agora.xtec.cat\/escolamestralvilanova\/wp-json\/wp\/v2\/posts\/1478\/revisions\/1481"}],"wp:attachment":[{"href":"https:\/\/agora.xtec.cat\/escolamestralvilanova\/wp-json\/wp\/v2\/media?parent=1478"}],"wp:term":[{"taxonomy":"category","embeddable":true,"href":"https:\/\/agora.xtec.cat\/escolamestralvilanova\/wp-json\/wp\/v2\/categories?post=1478"},{"taxonomy":"post_tag","embeddable":true,"href":"https:\/\/agora.xtec.cat\/escolamestralvilanova\/wp-json\/wp\/v2\/tags?post=1478"}],"curies":[{"name":"wp","href":"https:\/\/api.w.org\/{rel}","templated":true}]}}