{"id":1448,"date":"2019-05-21T21:52:01","date_gmt":"2019-05-21T19:52:01","guid":{"rendered":"http:\/\/agora.xtec.cat\/escolamestralvilanova\/?p=1448"},"modified":"2019-05-27T22:13:17","modified_gmt":"2019-05-27T20:13:17","slug":"vi-congres-de-ciencies-anna-gene","status":"publish","type":"post","link":"https:\/\/agora.xtec.cat\/escolamestralvilanova\/portada\/vi-congres-de-ciencies-anna-gene\/","title":{"rendered":"VI CONGR\u00c9S DE CI\u00c8NCIES ANNA GEN\u00c9"},"content":{"rendered":"<p>Els alumnes de Cicle Superior han participat avui, dimarts 21 de maig, al <a href=\"https:\/\/sites.google.com\/site\/congresannagene\/home\">VI Congr\u00e9s de Ci\u00e8ncies Anna Gen\u00e9<\/a> organitzat per la Universitat de Lleida.<\/p>\n<p>En aquest congr\u00e9s han presentat el projecte desenvolupat durant els darrers mesos titulat &#8220;L&#8217;aigua i el nostre poble&#8221;, aquest projecte ha consistit en la realitzaci\u00f3 d&#8217;un estudi vers:<\/p>\n<ol>\n<li>La proced\u00e8ncia de l\u2019aigua del nostre poble<\/li>\n<li>L&#8217;an\u00e0lisis de l\u2019aigua del nostre poble<\/li>\n<li>L\u2019aigua que es gasta a l\u2019escola<\/li>\n<\/ol>\n<p>Estem molt satisfets de com s&#8217;ha desenvolupat la jornada i esperem poder tornar el proper any.<\/p>\n<ul>\n<li><a href=\"https:\/\/photos.app.goo.gl\/eg4YxjnauoFfz6MC9\">ENLLA\u00c7 A LES FOTOGRAFIES<\/a><\/li>\n<li><a href=\"https:\/\/agora.xtec.cat\/escolamestralvilanova\/wp-content\/uploads\/usu729\/2019\/05\/CAG2019-ESCOLA-MESTRAL.pdf\">PRESENTACI\u00d3 PDF<\/a><\/li>\n<\/ul>\n<p><iframe loading=\"lazy\" src=\"https:\/\/www.youtube.com\/embed\/6P6OOrtAwgM\" width=\"560\" height=\"315\" frameborder=\"0\" allowfullscreen=\"allowfullscreen\"><\/iframe><\/p>\n","protected":false},"excerpt":{"rendered":"<p>Els alumnes de Cicle Superior han participat avui, dimarts 21 de maig, al <a href=\"https:\/\/sites.google.com\/site\/congresannagene\/home\">VI Congr\u00e9s de Ci\u00e8ncies Anna Gen\u00e9<\/a> organitzat per la Universitat de Lleida.<br \/>\nEn aquest congr\u00e9s han presentat el projecte desenvolupat durant els darrers mesos titulat &#8220;L&#8217;aigua i el nostre poble&#8221;, aquest projecte&hellip;  <a href=\"https:\/\/agora.xtec.cat\/escolamestralvilanova\/portada\/vi-congres-de-ciencies-anna-gene\/\" title=\"Read VI CONGR\u00c9S DE CI\u00c8NCIES ANNA GEN\u00c9\">Llegeix m\u00e9s\u00bb<\/a><\/p>\n","protected":false},"author":1,"featured_media":0,"comment_status":"open","ping_status":"closed","sticky":false,"template":"","format":"standard","meta":{"_bbp_topic_count":0,"_bbp_reply_count":0,"_bbp_total_topic_count":0,"_bbp_total_reply_count":0,"_bbp_voice_count":0,"_bbp_anonymous_reply_count":0,"_bbp_topic_count_hidden":0,"_bbp_reply_count_hidden":0,"_bbp_forum_subforum_count":0,"footnotes":""},"categories":[15,4,5],"tags":[],"class_list":["post-1448","post","type-post","status-publish","format-standard","hentry","category-cicle-superior","category-portada","category-primaria"],"post_mailing_queue_ids":[],"_links":{"self":[{"href":"https:\/\/agora.xtec.cat\/escolamestralvilanova\/wp-json\/wp\/v2\/posts\/1448","targetHints":{"allow":["GET"]}}],"collection":[{"href":"https:\/\/agora.xtec.cat\/escolamestralvilanova\/wp-json\/wp\/v2\/posts"}],"about":[{"href":"https:\/\/agora.xtec.cat\/escolamestralvilanova\/wp-json\/wp\/v2\/types\/post"}],"author":[{"embeddable":true,"href":"https:\/\/agora.xtec.cat\/escolamestralvilanova\/wp-json\/wp\/v2\/users\/1"}],"replies":[{"embeddable":true,"href":"https:\/\/agora.xtec.cat\/escolamestralvilanova\/wp-json\/wp\/v2\/comments?post=1448"}],"version-history":[{"count":3,"href":"https:\/\/agora.xtec.cat\/escolamestralvilanova\/wp-json\/wp\/v2\/posts\/1448\/revisions"}],"predecessor-version":[{"id":1464,"href":"https:\/\/agora.xtec.cat\/escolamestralvilanova\/wp-json\/wp\/v2\/posts\/1448\/revisions\/1464"}],"wp:attachment":[{"href":"https:\/\/agora.xtec.cat\/escolamestralvilanova\/wp-json\/wp\/v2\/media?parent=1448"}],"wp:term":[{"taxonomy":"category","embeddable":true,"href":"https:\/\/agora.xtec.cat\/escolamestralvilanova\/wp-json\/wp\/v2\/categories?post=1448"},{"taxonomy":"post_tag","embeddable":true,"href":"https:\/\/agora.xtec.cat\/escolamestralvilanova\/wp-json\/wp\/v2\/tags?post=1448"}],"curies":[{"name":"wp","href":"https:\/\/api.w.org\/{rel}","templated":true}]}}