{"id":1436,"date":"2019-05-14T20:20:48","date_gmt":"2019-05-14T18:20:48","guid":{"rendered":"http:\/\/agora.xtec.cat\/escolamestralvilanova\/?p=1436"},"modified":"2019-05-15T19:45:23","modified_gmt":"2019-05-15T17:45:23","slug":"colonies-ed-infantil-ci","status":"publish","type":"post","link":"https:\/\/agora.xtec.cat\/escolamestralvilanova\/infantil\/colonies-ed-infantil-ci\/","title":{"rendered":"COL\u00d2NIES Ed.Infantil &#8211; CI, Dimarts 14"},"content":{"rendered":"<p>Avui els nens i nenes de la ZER Argelaga hem comen\u00e7at les nostres col\u00f2nies a Cardona, per comen\u00e7ar, hem visitat la Muntanya de Sal. En ho hem passat molt b\u00e9!<\/p>\n<ul>\n<li><a href=\"https:\/\/photos.app.goo.gl\/PgXAW4xfi5Vn3GsG6\">ENLLA\u00c7 A LES FOTOGRAFIES<\/a><\/li>\n<\/ul>\n<p><a href=\"https:\/\/agora.xtec.cat\/escolamestralvilanova\/wp-content\/uploads\/usu729\/2019\/05\/eebd633b-abb0-41d6-b0be-8f386857929f.jpg\"><img loading=\"lazy\" decoding=\"async\" class=\"alignnone size-medium wp-image-1437\" src=\"https:\/\/agora.xtec.cat\/escolamestralvilanova\/wp-content\/uploads\/usu729\/2019\/05\/eebd633b-abb0-41d6-b0be-8f386857929f-300x168.jpg\" alt=\"\" width=\"300\" height=\"168\" srcset=\"https:\/\/agora.xtec.cat\/escolamestralvilanova\/wp-content\/uploads\/usu729\/2019\/05\/eebd633b-abb0-41d6-b0be-8f386857929f-300x168.jpg 300w, https:\/\/agora.xtec.cat\/escolamestralvilanova\/wp-content\/uploads\/usu729\/2019\/05\/eebd633b-abb0-41d6-b0be-8f386857929f-768x431.jpg 768w, https:\/\/agora.xtec.cat\/escolamestralvilanova\/wp-content\/uploads\/usu729\/2019\/05\/eebd633b-abb0-41d6-b0be-8f386857929f-1024x575.jpg 1024w, https:\/\/agora.xtec.cat\/escolamestralvilanova\/wp-content\/uploads\/usu729\/2019\/05\/eebd633b-abb0-41d6-b0be-8f386857929f.jpg 1600w\" sizes=\"auto, (max-width: 300px) 100vw, 300px\" \/><\/a><\/p>\n<p>&nbsp;<\/p>\n","protected":false},"excerpt":{"rendered":"<p>Avui els nens i nenes de la ZER Argelaga hem comen\u00e7at les nostres col\u00f2nies a Cardona, per comen\u00e7ar, hem visitat la Muntanya de Sal. En ho hem passat molt b\u00e9!<\/p>\n<ul>\n<li><a href=\"https:\/\/photos.app.goo.gl\/PgXAW4xfi5Vn3GsG6\">ENLLA\u00c7 A LES FOTOGRAFIES<\/a><\/li>\n<\/ul>\n<p><a href=\"https:\/\/agora.xtec.cat\/escolamestralvilanova\/wp-content\/uploads\/usu729\/2019\/05\/eebd633b-abb0-41d6-b0be-8f386857929f.jpg\"><\/a><br \/>\n&nbsp;<\/p>\n","protected":false},"author":1,"featured_media":0,"comment_status":"open","ping_status":"closed","sticky":false,"template":"","format":"standard","meta":{"_bbp_topic_count":0,"_bbp_reply_count":0,"_bbp_total_topic_count":0,"_bbp_total_reply_count":0,"_bbp_voice_count":0,"_bbp_anonymous_reply_count":0,"_bbp_topic_count_hidden":0,"_bbp_reply_count_hidden":0,"_bbp_forum_subforum_count":0,"footnotes":""},"categories":[3,8,9,2,4],"tags":[],"class_list":["post-1436","post","type-post","status-publish","format-standard","hentry","category-ei3-ei4-ei5","category-ei4","category-ei5","category-infantil","category-portada"],"post_mailing_queue_ids":[],"_links":{"self":[{"href":"https:\/\/agora.xtec.cat\/escolamestralvilanova\/wp-json\/wp\/v2\/posts\/1436","targetHints":{"allow":["GET"]}}],"collection":[{"href":"https:\/\/agora.xtec.cat\/escolamestralvilanova\/wp-json\/wp\/v2\/posts"}],"about":[{"href":"https:\/\/agora.xtec.cat\/escolamestralvilanova\/wp-json\/wp\/v2\/types\/post"}],"author":[{"embeddable":true,"href":"https:\/\/agora.xtec.cat\/escolamestralvilanova\/wp-json\/wp\/v2\/users\/1"}],"replies":[{"embeddable":true,"href":"https:\/\/agora.xtec.cat\/escolamestralvilanova\/wp-json\/wp\/v2\/comments?post=1436"}],"version-history":[{"count":2,"href":"https:\/\/agora.xtec.cat\/escolamestralvilanova\/wp-json\/wp\/v2\/posts\/1436\/revisions"}],"predecessor-version":[{"id":1439,"href":"https:\/\/agora.xtec.cat\/escolamestralvilanova\/wp-json\/wp\/v2\/posts\/1436\/revisions\/1439"}],"wp:attachment":[{"href":"https:\/\/agora.xtec.cat\/escolamestralvilanova\/wp-json\/wp\/v2\/media?parent=1436"}],"wp:term":[{"taxonomy":"category","embeddable":true,"href":"https:\/\/agora.xtec.cat\/escolamestralvilanova\/wp-json\/wp\/v2\/categories?post=1436"},{"taxonomy":"post_tag","embeddable":true,"href":"https:\/\/agora.xtec.cat\/escolamestralvilanova\/wp-json\/wp\/v2\/tags?post=1436"}],"curies":[{"name":"wp","href":"https:\/\/api.w.org\/{rel}","templated":true}]}}