{"id":1400,"date":"2019-05-13T20:21:48","date_gmt":"2019-05-13T18:21:48","guid":{"rendered":"http:\/\/agora.xtec.cat\/escolamestralvilanova\/?p=1400"},"modified":"2019-05-14T20:27:02","modified_gmt":"2019-05-14T18:27:02","slug":"colonies-cm-cs-dilluns-13","status":"publish","type":"post","link":"https:\/\/agora.xtec.cat\/escolamestralvilanova\/portada\/colonies-cm-cs-dilluns-13\/","title":{"rendered":"COL\u00d2NIES CM-CS, Dilluns 13"},"content":{"rendered":"<p>Els alumnes de Cicle Mitj\u00e0 i Cicle Superior hem anat de col\u00f2nies a Cardona, avui hem visitat la muntanya de sal i ens hem instal\u00b7lat al Vilar Rural.<\/p>\n<p>A continuaci\u00f3 us enllacem les fotogr\u00e0fies. Ens ho estem passant molt b\u00e9!<\/p>\n<ul>\n<li><a href=\"https:\/\/photos.google.com\/u\/4\/share\/AF1QipNxhONphrsBDBKs6ceVG9ByK2wtxx-HRZzygOPSMCFJ_U1Do2z7SkmXrn_lsMcr4Q?key=bFpkNmpVSEFoOGhBMlNNYWhjd2FvaEwzUS15MjRR\">ENLLA\u00c7 A LES FOTOGRAFIES<\/a><\/li>\n<\/ul>\n<p><a href=\"https:\/\/agora.xtec.cat\/escolamestralvilanova\/wp-content\/uploads\/usu729\/2019\/05\/IMG_1231.jpg\"><img loading=\"lazy\" decoding=\"async\" class=\"alignnone wp-image-1401 size-medium\" src=\"https:\/\/agora.xtec.cat\/escolamestralvilanova\/wp-content\/uploads\/usu729\/2019\/05\/IMG_1231-e1557771674305-225x300.jpg\" alt=\"\" width=\"225\" height=\"300\" srcset=\"https:\/\/agora.xtec.cat\/escolamestralvilanova\/wp-content\/uploads\/usu729\/2019\/05\/IMG_1231-e1557771674305-225x300.jpg 225w, https:\/\/agora.xtec.cat\/escolamestralvilanova\/wp-content\/uploads\/usu729\/2019\/05\/IMG_1231-e1557771674305-768x1024.jpg 768w\" sizes=\"auto, (max-width: 225px) 100vw, 225px\" \/><\/a><\/p>\n","protected":false},"excerpt":{"rendered":"<p>Els alumnes de Cicle Mitj\u00e0 i Cicle Superior hem anat de col\u00f2nies a Cardona, avui hem visitat la muntanya de sal i ens hem instal\u00b7lat al Vilar Rural.<br \/>\nA continuaci\u00f3 us enllacem les fotogr\u00e0fies. Ens ho estem passant molt b\u00e9!<\/p>\n<ul>\n<li><a href=\"https:\/\/photos.google.com\/u\/4\/share\/AF1QipNxhONphrsBDBKs6ceVG9ByK2wtxx-HRZzygOPSMCFJ_U1Do2z7SkmXrn_lsMcr4Q?key=bFpkNmpVSEFoOGhBMlNNYWhjd2FvaEwzUS15MjRR\">ENLLA\u00c7 A LES FOTOGRAFIES<\/a><\/li>\n<\/ul>\n<p><a href=\"https:\/\/agora.xtec.cat\/escolamestralvilanova\/wp-content\/uploads\/usu729\/2019\/05\/IMG_1231.jpg\"><\/a><\/p>\n","protected":false},"author":1,"featured_media":1170,"comment_status":"open","ping_status":"closed","sticky":false,"template":"","format":"standard","meta":{"_bbp_topic_count":0,"_bbp_reply_count":0,"_bbp_total_topic_count":0,"_bbp_total_reply_count":0,"_bbp_voice_count":0,"_bbp_anonymous_reply_count":0,"_bbp_topic_count_hidden":0,"_bbp_reply_count_hidden":0,"_bbp_forum_subforum_count":0,"footnotes":""},"categories":[13,12,15,4,5],"tags":[],"class_list":["post-1400","post","type-post","status-publish","format-standard","has-post-thumbnail","hentry","category-cinque","category-tercer-quart","category-cicle-superior","category-portada","category-primaria"],"post_mailing_queue_ids":[],"_links":{"self":[{"href":"https:\/\/agora.xtec.cat\/escolamestralvilanova\/wp-json\/wp\/v2\/posts\/1400","targetHints":{"allow":["GET"]}}],"collection":[{"href":"https:\/\/agora.xtec.cat\/escolamestralvilanova\/wp-json\/wp\/v2\/posts"}],"about":[{"href":"https:\/\/agora.xtec.cat\/escolamestralvilanova\/wp-json\/wp\/v2\/types\/post"}],"author":[{"embeddable":true,"href":"https:\/\/agora.xtec.cat\/escolamestralvilanova\/wp-json\/wp\/v2\/users\/1"}],"replies":[{"embeddable":true,"href":"https:\/\/agora.xtec.cat\/escolamestralvilanova\/wp-json\/wp\/v2\/comments?post=1400"}],"version-history":[{"count":1,"href":"https:\/\/agora.xtec.cat\/escolamestralvilanova\/wp-json\/wp\/v2\/posts\/1400\/revisions"}],"predecessor-version":[{"id":1402,"href":"https:\/\/agora.xtec.cat\/escolamestralvilanova\/wp-json\/wp\/v2\/posts\/1400\/revisions\/1402"}],"wp:featuredmedia":[{"embeddable":true,"href":"https:\/\/agora.xtec.cat\/escolamestralvilanova\/wp-json\/wp\/v2\/media\/1170"}],"wp:attachment":[{"href":"https:\/\/agora.xtec.cat\/escolamestralvilanova\/wp-json\/wp\/v2\/media?parent=1400"}],"wp:term":[{"taxonomy":"category","embeddable":true,"href":"https:\/\/agora.xtec.cat\/escolamestralvilanova\/wp-json\/wp\/v2\/categories?post=1400"},{"taxonomy":"post_tag","embeddable":true,"href":"https:\/\/agora.xtec.cat\/escolamestralvilanova\/wp-json\/wp\/v2\/tags?post=1400"}],"curies":[{"name":"wp","href":"https:\/\/api.w.org\/{rel}","templated":true}]}}