{"id":1396,"date":"2019-05-03T16:05:36","date_gmt":"2019-05-03T14:05:36","guid":{"rendered":"http:\/\/agora.xtec.cat\/escolamestralvilanova\/?p=1396"},"modified":"2019-05-03T16:05:36","modified_gmt":"2019-05-03T14:05:36","slug":"reunio-colonies","status":"publish","type":"post","link":"https:\/\/agora.xtec.cat\/escolamestralvilanova\/portada\/reunio-colonies\/","title":{"rendered":"REUNI\u00d3 COL\u00d2NIES"},"content":{"rendered":"<p>El passat dijous 2 de maig, els alumnes de 4t van explicar les col\u00f2nies a les fam\u00edlies de l&#8217;escola. Durant aquesta reuni\u00f3, es va informar vers:<\/p>\n<ul>\n<li>La planificaci\u00f3<\/li>\n<li>Les activitats que es duran a terme<\/li>\n<li>I, altres informacions rellevants<\/li>\n<\/ul>\n<p>Tenim moltes ganes que arribin les col\u00f2nies!<\/p>\n<ul>\n<li><a href=\"https:\/\/agora.xtec.cat\/escolamestralvilanova\/wp-content\/uploads\/usu729\/2019\/05\/EdA-Cardona-power-definitiu.pdf\">ENLLA\u00c7 A LA PRESENTACI\u00d3<\/a><\/li>\n<li><a href=\"https:\/\/photos.app.goo.gl\/Sq5zNUFjPJXUiDMq6\">ENLLA\u00c7 A LES FOTOGRAFIES<\/a><\/li>\n<\/ul>\n<p><a href=\"https:\/\/agora.xtec.cat\/escolamestralvilanova\/wp-content\/uploads\/usu729\/2019\/05\/IMG_0995.jpg\"><img loading=\"lazy\" decoding=\"async\" class=\"alignnone size-medium wp-image-1398\" src=\"https:\/\/agora.xtec.cat\/escolamestralvilanova\/wp-content\/uploads\/usu729\/2019\/05\/IMG_0995-300x225.jpg\" alt=\"\" width=\"300\" height=\"225\" srcset=\"https:\/\/agora.xtec.cat\/escolamestralvilanova\/wp-content\/uploads\/usu729\/2019\/05\/IMG_0995-300x225.jpg 300w, https:\/\/agora.xtec.cat\/escolamestralvilanova\/wp-content\/uploads\/usu729\/2019\/05\/IMG_0995-768x576.jpg 768w, https:\/\/agora.xtec.cat\/escolamestralvilanova\/wp-content\/uploads\/usu729\/2019\/05\/IMG_0995-1024x768.jpg 1024w, https:\/\/agora.xtec.cat\/escolamestralvilanova\/wp-content\/uploads\/usu729\/2019\/05\/IMG_0995-200x150.jpg 200w\" sizes=\"auto, (max-width: 300px) 100vw, 300px\" \/><\/a><\/p>\n","protected":false},"excerpt":{"rendered":"<p>El passat dijous 2 de maig, els alumnes de 4t van explicar les col\u00f2nies a les fam\u00edlies de l&#8217;escola. Durant aquesta reuni\u00f3, es va informar vers:<\/p>\n<ul>\n<li>La planificaci\u00f3<\/li>\n<li>Les activitats que es duran a terme<\/li>\n<li>I, altres informacions rellevants<\/li>\n<\/ul>\n<p>Tenim moltes ganes que arribin les col\u00f2nies!<\/p>\n<ul>\n<li><a href=\"https:\/\/agora.xtec.cat\/escolamestralvilanova\/wp-content\/uploads\/usu729\/2019\/05\/EdA-Cardona-power-definitiu.pdf\">ENLLA\u00c7 A LA&hellip;  <a href=\"https:\/\/agora.xtec.cat\/escolamestralvilanova\/portada\/reunio-colonies\/\" title=\"Read REUNI\u00d3 COL\u00d2NIES\">Llegeix m\u00e9s\u00bb<\/a><br \/>\n","protected":false},"author":1,"featured_media":1170,"comment_status":"open","ping_status":"closed","sticky":false,"template":"","format":"standard","meta":{"_bbp_topic_count":0,"_bbp_reply_count":0,"_bbp_total_topic_count":0,"_bbp_total_reply_count":0,"_bbp_voice_count":0,"_bbp_anonymous_reply_count":0,"_bbp_topic_count_hidden":0,"_bbp_reply_count_hidden":0,"_bbp_forum_subforum_count":0,"footnotes":""},"categories":[13,4,5],"tags":[],"class_list":["post-1396","post","type-post","status-publish","format-standard","has-post-thumbnail","hentry","category-cinque","category-portada","category-primaria"],"post_mailing_queue_ids":[],"_links":{"self":[{"href":"https:\/\/agora.xtec.cat\/escolamestralvilanova\/wp-json\/wp\/v2\/posts\/1396","targetHints":{"allow":["GET"]}}],"collection":[{"href":"https:\/\/agora.xtec.cat\/escolamestralvilanova\/wp-json\/wp\/v2\/posts"}],"about":[{"href":"https:\/\/agora.xtec.cat\/escolamestralvilanova\/wp-json\/wp\/v2\/types\/post"}],"author":[{"embeddable":true,"href":"https:\/\/agora.xtec.cat\/escolamestralvilanova\/wp-json\/wp\/v2\/users\/1"}],"replies":[{"embeddable":true,"href":"https:\/\/agora.xtec.cat\/escolamestralvilanova\/wp-json\/wp\/v2\/comments?post=1396"}],"version-history":[{"count":1,"href":"https:\/\/agora.xtec.cat\/escolamestralvilanova\/wp-json\/wp\/v2\/posts\/1396\/revisions"}],"predecessor-version":[{"id":1399,"href":"https:\/\/agora.xtec.cat\/escolamestralvilanova\/wp-json\/wp\/v2\/posts\/1396\/revisions\/1399"}],"wp:featuredmedia":[{"embeddable":true,"href":"https:\/\/agora.xtec.cat\/escolamestralvilanova\/wp-json\/wp\/v2\/media\/1170"}],"wp:attachment":[{"href":"https:\/\/agora.xtec.cat\/escolamestralvilanova\/wp-json\/wp\/v2\/media?parent=1396"}],"wp:term":[{"taxonomy":"category","embeddable":true,"href":"https:\/\/agora.xtec.cat\/escolamestralvilanova\/wp-json\/wp\/v2\/categories?post=1396"},{"taxonomy":"post_tag","embeddable":true,"href":"https:\/\/agora.xtec.cat\/escolamestralvilanova\/wp-json\/wp\/v2\/tags?post=1396"}],"curies":[{"name":"wp","href":"https:\/\/api.w.org\/{rel}","templated":true}]}}