{"id":1373,"date":"2019-04-23T18:41:30","date_gmt":"2019-04-23T16:41:30","guid":{"rendered":"http:\/\/agora.xtec.cat\/escolamestralvilanova\/?p=1373"},"modified":"2019-04-23T20:30:00","modified_gmt":"2019-04-23T18:30:00","slug":"diada-de-sant-jordi-a-lescola","status":"publish","type":"post","link":"https:\/\/agora.xtec.cat\/escolamestralvilanova\/infantil\/diada-de-sant-jordi-a-lescola\/","title":{"rendered":"DIADA DE SANT JORDI A L&#8217;ESCOLA"},"content":{"rendered":"<p>Avui, 23 d&#8217;abril de 2019, hem celebrat la Diada de Sant Jordi a l&#8217;escola tot realitzant diferents activitats, relacionades amb els contes i la literatura:<\/p>\n<ul>\n<li><em><strong>Explica&#8217;m un conte<\/strong>: Durant la primera hora del mat\u00ed els pares, mares i padrins voluntaris, aix\u00ed com alguns mestres de l&#8217;escola, han explicat contes als alumnes. Moltes gr\u00e0cies pares, mares, padrins i padrines!<\/em><\/li>\n<li><em><strong>Roda de contes<\/strong>: Aprofitant que els alumnes de l\u2019escola han estat treballant els contes cl\u00e0ssics, confeccionant versions pr\u00f2pies i llegint contes d\u2019autors diversos, durant el mat\u00ed s&#8217;ha dut a terme una roda de contes en la qual els alumnes de l\u2019escola han explicat i escoltat tot tipus de contes.<\/em><\/li>\n<li><em><strong>Can\u00e7\u00f3 de Sant Jordi:<\/strong> Els alumnes d&#8217;educaci\u00f3 Infantil ens han cantat la can\u00e7\u00f3 de Sant Jordi que han estat treballant durant les sessions de m\u00fasica.<\/em><\/li>\n<li><em><strong>Recomano un conte:\u00a0<\/strong>Cada alumne<strong>\u00a0<\/strong>ha portat el seu conte preferit\u00a0de casa i a la tarda l&#8217;ha pogut compartir amb la resta de companys\/es de l&#8217;escola.<\/em><\/li>\n<li><em><strong>Mercat de primavera<\/strong>: Com cada any, a les 16:00 s&#8217;ha realitzat la paradeta del \u201cMercat de primavera\u201d. Enguany, s&#8217;han elaborat \u201cFlors de primavera\u201d i &#8220;Dracs de Sant Jordi&#8221; per a decorar els testos.<\/em><\/li>\n<\/ul>\n<p>Finalment, el dia ens ha deparat una petita gran sorpresa, ja que hem presentat el <strong>nou logotip<\/strong> de l&#8217;escola. Tots i totes hem quedat molt satisfets pel resultat final!<\/p>\n<p>Ha estat un dia molt complert i ens ha agradat molt!<\/p>\n<p><a href=\"https:\/\/agora.xtec.cat\/escolamestralvilanova\/wp-content\/uploads\/usu729\/2019\/04\/ST.-JORDI.png\"><img loading=\"lazy\" decoding=\"async\" class=\"alignnone size-medium wp-image-1375\" src=\"https:\/\/agora.xtec.cat\/escolamestralvilanova\/wp-content\/uploads\/usu729\/2019\/04\/ST.-JORDI-300x171.png\" alt=\"\" width=\"300\" height=\"171\" srcset=\"https:\/\/agora.xtec.cat\/escolamestralvilanova\/wp-content\/uploads\/usu729\/2019\/04\/ST.-JORDI-300x171.png 300w, https:\/\/agora.xtec.cat\/escolamestralvilanova\/wp-content\/uploads\/usu729\/2019\/04\/ST.-JORDI-768x437.png 768w, https:\/\/agora.xtec.cat\/escolamestralvilanova\/wp-content\/uploads\/usu729\/2019\/04\/ST.-JORDI-1024x583.png 1024w\" sizes=\"auto, (max-width: 300px) 100vw, 300px\" \/><\/a><\/p>\n<ul>\n<li><a href=\"https:\/\/photos.app.goo.gl\/Yv7yiEve8eCHiMU5A\">ENLLA\u00c7 A LES FOTOGRAFIES<\/a><\/li>\n<\/ul>\n","protected":false},"excerpt":{"rendered":"<p>Avui, 23 d&#8217;abril de 2019, hem celebrat la Diada de Sant Jordi a l&#8217;escola tot realitzant diferents activitats, relacionades amb els contes i la literatura:<\/p>\n<ul>\n<li>Explica&#8217;m un conte: Durant la primera hora del mat\u00ed els pares, mares i padrins voluntaris, aix\u00ed com alguns mestres de l&#8217;escola,&hellip;  <a href=\"https:\/\/agora.xtec.cat\/escolamestralvilanova\/infantil\/diada-de-sant-jordi-a-lescola\/\" title=\"Read DIADA DE SANT JORDI A L&#8217;ESCOLA\">Llegeix m\u00e9s\u00bb<\/a><br \/>\n","protected":false},"author":1,"featured_media":1170,"comment_status":"open","ping_status":"closed","sticky":false,"template":"","format":"standard","meta":{"_bbp_topic_count":0,"_bbp_reply_count":0,"_bbp_total_topic_count":0,"_bbp_total_reply_count":0,"_bbp_voice_count":0,"_bbp_anonymous_reply_count":0,"_bbp_topic_count_hidden":0,"_bbp_reply_count_hidden":0,"_bbp_forum_subforum_count":0,"footnotes":""},"categories":[13,11,12,15,3,14,8,9,10,2,4,5],"tags":[],"class_list":["post-1373","post","type-post","status-publish","format-standard","has-post-thumbnail","hentry","category-cinque","category-cicle-inicial","category-tercer-quart","category-cicle-superior","category-ei3-ei4-ei5","category-ei1-ei2","category-ei4","category-ei5","category-ei5-primer","category-infantil","category-portada","category-primaria"],"post_mailing_queue_ids":[],"_links":{"self":[{"href":"https:\/\/agora.xtec.cat\/escolamestralvilanova\/wp-json\/wp\/v2\/posts\/1373","targetHints":{"allow":["GET"]}}],"collection":[{"href":"https:\/\/agora.xtec.cat\/escolamestralvilanova\/wp-json\/wp\/v2\/posts"}],"about":[{"href":"https:\/\/agora.xtec.cat\/escolamestralvilanova\/wp-json\/wp\/v2\/types\/post"}],"author":[{"embeddable":true,"href":"https:\/\/agora.xtec.cat\/escolamestralvilanova\/wp-json\/wp\/v2\/users\/1"}],"replies":[{"embeddable":true,"href":"https:\/\/agora.xtec.cat\/escolamestralvilanova\/wp-json\/wp\/v2\/comments?post=1373"}],"version-history":[{"count":3,"href":"https:\/\/agora.xtec.cat\/escolamestralvilanova\/wp-json\/wp\/v2\/posts\/1373\/revisions"}],"predecessor-version":[{"id":1381,"href":"https:\/\/agora.xtec.cat\/escolamestralvilanova\/wp-json\/wp\/v2\/posts\/1373\/revisions\/1381"}],"wp:featuredmedia":[{"embeddable":true,"href":"https:\/\/agora.xtec.cat\/escolamestralvilanova\/wp-json\/wp\/v2\/media\/1170"}],"wp:attachment":[{"href":"https:\/\/agora.xtec.cat\/escolamestralvilanova\/wp-json\/wp\/v2\/media?parent=1373"}],"wp:term":[{"taxonomy":"category","embeddable":true,"href":"https:\/\/agora.xtec.cat\/escolamestralvilanova\/wp-json\/wp\/v2\/categories?post=1373"},{"taxonomy":"post_tag","embeddable":true,"href":"https:\/\/agora.xtec.cat\/escolamestralvilanova\/wp-json\/wp\/v2\/tags?post=1373"}],"curies":[{"name":"wp","href":"https:\/\/api.w.org\/{rel}","templated":true}]}}