{"id":1369,"date":"2019-04-23T16:40:27","date_gmt":"2019-04-23T14:40:27","guid":{"rendered":"http:\/\/agora.xtec.cat\/escolamestralvilanova\/?p=1369"},"modified":"2019-05-17T10:32:23","modified_gmt":"2019-05-17T08:32:23","slug":"estrenem-un-nou-logotip","status":"publish","type":"post","link":"https:\/\/agora.xtec.cat\/escolamestralvilanova\/general\/estrenem-un-nou-logotip\/","title":{"rendered":"ESTRENEM UN NOU LOGOTIP!"},"content":{"rendered":"<p style=\"text-align: justify;\">Deixar volar la imaginaci\u00f3 i unir esfor\u00e7os amb un mateix objectiu permet atrapar els nostres somnis i fer-los possibles. \u00c9s per aquest motiu que ens il\u00b7lusiona poder presentar el nostre logotip, el logotip de l\u2019escola Mestral, un logotip fet entre tots i totes, perqu\u00e8&#8230;\u00a0JUNTS FEM ESCOLA!<\/p>\n<p style=\"text-align: justify;\">Tamb\u00e9 volem aprofitar aquest article per donar les gr\u00e0cies a la Judith Roca, la mare de la Soren, la qual ha plasmat les nostres idees en un logotip que ens ha agradat a tots i totes!<\/p>\n<p><a href=\"https:\/\/agora.xtec.cat\/escolamestralvilanova\/wp-content\/uploads\/usu729\/2019\/04\/LOGO-SENSE-ZER-1-e1555487229162.png\"><img loading=\"lazy\" decoding=\"async\" class=\"alignnone size-medium wp-image-1367\" src=\"https:\/\/agora.xtec.cat\/escolamestralvilanova\/wp-content\/uploads\/usu729\/2019\/04\/LOGO-SENSE-ZER-1-e1555487229162-300x203.png\" alt=\"\" width=\"300\" height=\"203\" srcset=\"https:\/\/agora.xtec.cat\/escolamestralvilanova\/wp-content\/uploads\/usu729\/2019\/04\/LOGO-SENSE-ZER-1-e1555487229162-300x203.png 300w, https:\/\/agora.xtec.cat\/escolamestralvilanova\/wp-content\/uploads\/usu729\/2019\/04\/LOGO-SENSE-ZER-1-e1555487229162-768x519.png 768w, https:\/\/agora.xtec.cat\/escolamestralvilanova\/wp-content\/uploads\/usu729\/2019\/04\/LOGO-SENSE-ZER-1-e1555487229162-1024x691.png 1024w, https:\/\/agora.xtec.cat\/escolamestralvilanova\/wp-content\/uploads\/usu729\/2019\/04\/LOGO-SENSE-ZER-1-e1555487229162.png 1216w\" sizes=\"auto, (max-width: 300px) 100vw, 300px\" \/><\/a><\/p>\n","protected":false},"excerpt":{"rendered":"<p>Deixar volar la imaginaci\u00f3 i unir esfor\u00e7os amb un mateix objectiu permet atrapar els nostres somnis i fer-los possibles. \u00c9s per aquest motiu que ens il\u00b7lusiona poder presentar el nostre logotip, el logotip de l\u2019escola Mestral, un logotip fet entre tots i totes, perqu\u00e8&#8230;\u00a0JUNTS FEM&hellip;  <a href=\"https:\/\/agora.xtec.cat\/escolamestralvilanova\/general\/estrenem-un-nou-logotip\/\" title=\"Read ESTRENEM UN NOU LOGOTIP!\">Llegeix m\u00e9s\u00bb<\/a><\/p>\n","protected":false},"author":1,"featured_media":0,"comment_status":"open","ping_status":"closed","sticky":false,"template":"","format":"standard","meta":{"_bbp_topic_count":0,"_bbp_reply_count":0,"_bbp_total_topic_count":0,"_bbp_total_reply_count":0,"_bbp_voice_count":0,"_bbp_anonymous_reply_count":0,"_bbp_topic_count_hidden":0,"_bbp_reply_count_hidden":0,"_bbp_forum_subforum_count":0,"footnotes":""},"categories":[13,11,12,15,3,14,8,9,10,23,1,2,4,5],"tags":[],"class_list":["post-1369","post","type-post","status-publish","format-standard","hentry","category-cinque","category-cicle-inicial","category-tercer-quart","category-cicle-superior","category-ei3-ei4-ei5","category-ei1-ei2","category-ei4","category-ei5","category-ei5-primer","category-escola-verda","category-general","category-infantil","category-portada","category-primaria"],"post_mailing_queue_ids":[],"_links":{"self":[{"href":"https:\/\/agora.xtec.cat\/escolamestralvilanova\/wp-json\/wp\/v2\/posts\/1369","targetHints":{"allow":["GET"]}}],"collection":[{"href":"https:\/\/agora.xtec.cat\/escolamestralvilanova\/wp-json\/wp\/v2\/posts"}],"about":[{"href":"https:\/\/agora.xtec.cat\/escolamestralvilanova\/wp-json\/wp\/v2\/types\/post"}],"author":[{"embeddable":true,"href":"https:\/\/agora.xtec.cat\/escolamestralvilanova\/wp-json\/wp\/v2\/users\/1"}],"replies":[{"embeddable":true,"href":"https:\/\/agora.xtec.cat\/escolamestralvilanova\/wp-json\/wp\/v2\/comments?post=1369"}],"version-history":[{"count":3,"href":"https:\/\/agora.xtec.cat\/escolamestralvilanova\/wp-json\/wp\/v2\/posts\/1369\/revisions"}],"predecessor-version":[{"id":1447,"href":"https:\/\/agora.xtec.cat\/escolamestralvilanova\/wp-json\/wp\/v2\/posts\/1369\/revisions\/1447"}],"wp:attachment":[{"href":"https:\/\/agora.xtec.cat\/escolamestralvilanova\/wp-json\/wp\/v2\/media?parent=1369"}],"wp:term":[{"taxonomy":"category","embeddable":true,"href":"https:\/\/agora.xtec.cat\/escolamestralvilanova\/wp-json\/wp\/v2\/categories?post=1369"},{"taxonomy":"post_tag","embeddable":true,"href":"https:\/\/agora.xtec.cat\/escolamestralvilanova\/wp-json\/wp\/v2\/tags?post=1369"}],"curies":[{"name":"wp","href":"https:\/\/api.w.org\/{rel}","templated":true}]}}