{"id":1349,"date":"2019-04-09T08:10:09","date_gmt":"2019-04-09T06:10:09","guid":{"rendered":"http:\/\/agora.xtec.cat\/escolamestralvilanova\/?p=1349"},"modified":"2019-04-09T09:59:02","modified_gmt":"2019-04-09T07:59:02","slug":"pensem-en-blau","status":"publish","type":"post","link":"https:\/\/agora.xtec.cat\/escolamestralvilanova\/portada\/pensem-en-blau\/","title":{"rendered":"PENSEM EN BLAU"},"content":{"rendered":"<p>El passat dimecres 3 d&#8217;abril la doctora i l&#8217;infermer del CAP del poble ens van realitzar una visita amb l&#8217;objectiu d&#8217;augmentar la conscienciaci\u00f3 de l&#8217;alumnat de Cicle Superior vers l&#8217;autisme.<\/p>\n<ul>\n<li><a href=\"https:\/\/photos.app.goo.gl\/8FZerLqp7HLuHkXb8\">ENLLA\u00c7 A LES FOTOGRAFIES<\/a><\/li>\n<\/ul>\n<p><em>El 2007, l&#8217;Assemblea General de les Nacions Unides va declarar per unanimitat el 2 d&#8217;abril com el Dia Mundial de Conscienciaci\u00f3 sobre l&#8217;<a class=\"negreta-verd\" title=\"\" href=\"https:\/\/www.autisme.com\/autisme\/que-es-l-autisme.html\">Autisme<\/a> (A\/RES\/62\/139). Despr\u00e9s de l&#8217;entrada en vigor de la Convenci\u00f3 sobre els Drets de les Persones amb Discapacitat, es va designar aquest dia per subratllar la necessitat d&#8217;ajudar a millorar la vida dels nens i adults que pateixen aquest trastorn perqu\u00e8 puguin portar una vida plena i satisfact\u00f2ria. Des de llavors, organitzacions dedicades a l&#8217;autisme a tot el m\u00f3n han col\u00b7laborat per donar a con\u00e8ixer aquest dia.<\/em><\/p>\n<p>Tamb\u00e9 ens van mostrar un v\u00eddeo explicatiu sobre l&#8217;autisme:<\/p>\n<p>https:\/\/www.youtube.com\/watch?v=YybEpQK_g-8<\/p>\n","protected":false},"excerpt":{"rendered":"<p>El passat dimecres 3 d&#8217;abril la doctora i l&#8217;infermer del CAP del poble ens van realitzar una visita amb l&#8217;objectiu d&#8217;augmentar la conscienciaci\u00f3 de l&#8217;alumnat de Cicle Superior vers l&#8217;autisme.<\/p>\n<ul>\n<li><a href=\"https:\/\/photos.app.goo.gl\/8FZerLqp7HLuHkXb8\">ENLLA\u00c7 A LES FOTOGRAFIES<\/a><\/li>\n<\/ul>\n<p>El 2007, l&#8217;Assemblea General de les Nacions Unides va declarar per unanimitat&hellip;  <a href=\"https:\/\/agora.xtec.cat\/escolamestralvilanova\/portada\/pensem-en-blau\/\" title=\"Read PENSEM EN BLAU\">Llegeix m\u00e9s\u00bb<\/a><\/p>\n","protected":false},"author":1,"featured_media":1352,"comment_status":"open","ping_status":"closed","sticky":false,"template":"","format":"standard","meta":{"_bbp_topic_count":0,"_bbp_reply_count":0,"_bbp_total_topic_count":0,"_bbp_total_reply_count":0,"_bbp_voice_count":0,"_bbp_anonymous_reply_count":0,"_bbp_topic_count_hidden":0,"_bbp_reply_count_hidden":0,"_bbp_forum_subforum_count":0,"footnotes":""},"categories":[15,4,5],"tags":[],"class_list":["post-1349","post","type-post","status-publish","format-standard","has-post-thumbnail","hentry","category-cicle-superior","category-portada","category-primaria"],"post_mailing_queue_ids":[],"_links":{"self":[{"href":"https:\/\/agora.xtec.cat\/escolamestralvilanova\/wp-json\/wp\/v2\/posts\/1349","targetHints":{"allow":["GET"]}}],"collection":[{"href":"https:\/\/agora.xtec.cat\/escolamestralvilanova\/wp-json\/wp\/v2\/posts"}],"about":[{"href":"https:\/\/agora.xtec.cat\/escolamestralvilanova\/wp-json\/wp\/v2\/types\/post"}],"author":[{"embeddable":true,"href":"https:\/\/agora.xtec.cat\/escolamestralvilanova\/wp-json\/wp\/v2\/users\/1"}],"replies":[{"embeddable":true,"href":"https:\/\/agora.xtec.cat\/escolamestralvilanova\/wp-json\/wp\/v2\/comments?post=1349"}],"version-history":[{"count":2,"href":"https:\/\/agora.xtec.cat\/escolamestralvilanova\/wp-json\/wp\/v2\/posts\/1349\/revisions"}],"predecessor-version":[{"id":1351,"href":"https:\/\/agora.xtec.cat\/escolamestralvilanova\/wp-json\/wp\/v2\/posts\/1349\/revisions\/1351"}],"wp:featuredmedia":[{"embeddable":true,"href":"https:\/\/agora.xtec.cat\/escolamestralvilanova\/wp-json\/wp\/v2\/media\/1352"}],"wp:attachment":[{"href":"https:\/\/agora.xtec.cat\/escolamestralvilanova\/wp-json\/wp\/v2\/media?parent=1349"}],"wp:term":[{"taxonomy":"category","embeddable":true,"href":"https:\/\/agora.xtec.cat\/escolamestralvilanova\/wp-json\/wp\/v2\/categories?post=1349"},{"taxonomy":"post_tag","embeddable":true,"href":"https:\/\/agora.xtec.cat\/escolamestralvilanova\/wp-json\/wp\/v2\/tags?post=1349"}],"curies":[{"name":"wp","href":"https:\/\/api.w.org\/{rel}","templated":true}]}}