{"id":1339,"date":"2019-04-05T09:00:22","date_gmt":"2019-04-05T07:00:22","guid":{"rendered":"http:\/\/agora.xtec.cat\/escolamestralvilanova\/?p=1339"},"modified":"2019-04-04T18:45:03","modified_gmt":"2019-04-04T16:45:03","slug":"trobada-esportiva-cs","status":"publish","type":"post","link":"https:\/\/agora.xtec.cat\/escolamestralvilanova\/general\/trobada-esportiva-cs\/","title":{"rendered":"TROBADA ESPORTIVA CS"},"content":{"rendered":"<p>El passat dijous 4 d&#8217;abril els alumnes de Cicle Superior de la ZER Argelaga van assistir a la VI Trobada Esportiva celebrada a Balaguer.<\/p>\n<p>Durant aquesta jornada els alumnes van poder practicar esports com:\u00a0B\u00e0squet,\u00a0<span style=\"font-family: inherit; font-size: 1em;\">B\u00e0dminton,\u00a0<\/span><span style=\"font-family: inherit; font-size: 1em;\">Zumba,\u00a0<\/span><span style=\"font-family: inherit; font-size: 1em;\">Pitxi,\u00a0<\/span><span style=\"font-family: inherit; font-size: 1em;\">Nataci\u00f3 i\u00a0<\/span><span style=\"font-family: inherit; font-size: 1em;\">Dogeball.\u00a0<\/span>Al temps que van compartir estones de joc i lleure amb altres escoles rurals del territori.<\/p>\n<p>En definitiva, va ser una jornada molt profitosa i en la qual els nens i nenes s&#8217;ho van passar d&#8217;all\u00f2 m\u00e9s b\u00e9. L&#8217;any vinent hi tornarem!<\/p>\n<ul>\n<li><a href=\"https:\/\/photos.app.goo.gl\/6LP4sw54vSFkyCSD7\">ENLLA\u00c7 A LES FOTOGRAFIES<\/a><\/li>\n<\/ul>\n<p><a href=\"https:\/\/agora.xtec.cat\/escolamestralvilanova\/wp-content\/uploads\/usu729\/2019\/04\/IMG_0497.jpg\"><img loading=\"lazy\" decoding=\"async\" class=\"alignnone size-medium wp-image-1340\" src=\"https:\/\/agora.xtec.cat\/escolamestralvilanova\/wp-content\/uploads\/usu729\/2019\/04\/IMG_0497-300x186.jpg\" alt=\"\" width=\"300\" height=\"186\" srcset=\"https:\/\/agora.xtec.cat\/escolamestralvilanova\/wp-content\/uploads\/usu729\/2019\/04\/IMG_0497-300x186.jpg 300w, https:\/\/agora.xtec.cat\/escolamestralvilanova\/wp-content\/uploads\/usu729\/2019\/04\/IMG_0497-768x477.jpg 768w, https:\/\/agora.xtec.cat\/escolamestralvilanova\/wp-content\/uploads\/usu729\/2019\/04\/IMG_0497-1024x635.jpg 1024w, https:\/\/agora.xtec.cat\/escolamestralvilanova\/wp-content\/uploads\/usu729\/2019\/04\/IMG_0497.jpg 2000w\" sizes=\"auto, (max-width: 300px) 100vw, 300px\" \/><\/a><\/p>\n","protected":false},"excerpt":{"rendered":"<p>El passat dijous 4 d&#8217;abril els alumnes de Cicle Superior de la ZER Argelaga van assistir a la VI Trobada Esportiva celebrada a Balaguer.<br \/>\nDurant aquesta jornada els alumnes van poder practicar esports com:\u00a0B\u00e0squet,\u00a0B\u00e0dminton,\u00a0Zumba,\u00a0Pitxi,\u00a0Nataci\u00f3 i\u00a0Dogeball.\u00a0Al temps que van compartir estones de joc i lleure amb altres&hellip;  <a href=\"https:\/\/agora.xtec.cat\/escolamestralvilanova\/general\/trobada-esportiva-cs\/\" title=\"Read TROBADA ESPORTIVA CS\">Llegeix m\u00e9s\u00bb<\/a><\/p>\n","protected":false},"author":1,"featured_media":0,"comment_status":"open","ping_status":"closed","sticky":false,"template":"","format":"standard","meta":{"_bbp_topic_count":0,"_bbp_reply_count":0,"_bbp_total_topic_count":0,"_bbp_total_reply_count":0,"_bbp_voice_count":0,"_bbp_anonymous_reply_count":0,"_bbp_topic_count_hidden":0,"_bbp_reply_count_hidden":0,"_bbp_forum_subforum_count":0,"footnotes":""},"categories":[15,56,1,4,5],"tags":[],"class_list":["post-1339","post","type-post","status-publish","format-standard","hentry","category-cicle-superior","category-educacio-fisica","category-general","category-portada","category-primaria"],"post_mailing_queue_ids":[],"_links":{"self":[{"href":"https:\/\/agora.xtec.cat\/escolamestralvilanova\/wp-json\/wp\/v2\/posts\/1339","targetHints":{"allow":["GET"]}}],"collection":[{"href":"https:\/\/agora.xtec.cat\/escolamestralvilanova\/wp-json\/wp\/v2\/posts"}],"about":[{"href":"https:\/\/agora.xtec.cat\/escolamestralvilanova\/wp-json\/wp\/v2\/types\/post"}],"author":[{"embeddable":true,"href":"https:\/\/agora.xtec.cat\/escolamestralvilanova\/wp-json\/wp\/v2\/users\/1"}],"replies":[{"embeddable":true,"href":"https:\/\/agora.xtec.cat\/escolamestralvilanova\/wp-json\/wp\/v2\/comments?post=1339"}],"version-history":[{"count":1,"href":"https:\/\/agora.xtec.cat\/escolamestralvilanova\/wp-json\/wp\/v2\/posts\/1339\/revisions"}],"predecessor-version":[{"id":1341,"href":"https:\/\/agora.xtec.cat\/escolamestralvilanova\/wp-json\/wp\/v2\/posts\/1339\/revisions\/1341"}],"wp:attachment":[{"href":"https:\/\/agora.xtec.cat\/escolamestralvilanova\/wp-json\/wp\/v2\/media?parent=1339"}],"wp:term":[{"taxonomy":"category","embeddable":true,"href":"https:\/\/agora.xtec.cat\/escolamestralvilanova\/wp-json\/wp\/v2\/categories?post=1339"},{"taxonomy":"post_tag","embeddable":true,"href":"https:\/\/agora.xtec.cat\/escolamestralvilanova\/wp-json\/wp\/v2\/tags?post=1339"}],"curies":[{"name":"wp","href":"https:\/\/api.w.org\/{rel}","templated":true}]}}