{"id":1324,"date":"2019-03-31T12:56:18","date_gmt":"2019-03-31T10:56:18","guid":{"rendered":"http:\/\/agora.xtec.cat\/escolamestralvilanova\/?p=1324"},"modified":"2019-04-02T23:35:23","modified_gmt":"2019-04-02T21:35:23","slug":"2a-assemblea-de-delegats-des","status":"publish","type":"post","link":"https:\/\/agora.xtec.cat\/escolamestralvilanova\/general\/2a-assemblea-de-delegats-des\/","title":{"rendered":"2\u00aa ASSEMBLEA DE DELEGATS\/DES"},"content":{"rendered":"<p>El passat dia 28 de mar\u00e7 a les 9:30h es va realitzar la segona Assemblea de Delegats i Delegades del curs. Hi van assistir els representants dels alumnes de tots els cursos.<a href=\"https:\/\/agora.xtec.cat\/escolamestralvilanova\/wp-content\/uploads\/usu729\/2019\/04\/IMG_0290.jpg\"><img loading=\"lazy\" decoding=\"async\" class=\"size-medium wp-image-1326 alignright\" src=\"https:\/\/agora.xtec.cat\/escolamestralvilanova\/wp-content\/uploads\/usu729\/2019\/04\/IMG_0290-300x225.jpg\" alt=\"\" width=\"300\" height=\"225\" srcset=\"https:\/\/agora.xtec.cat\/escolamestralvilanova\/wp-content\/uploads\/usu729\/2019\/04\/IMG_0290-300x225.jpg 300w, https:\/\/agora.xtec.cat\/escolamestralvilanova\/wp-content\/uploads\/usu729\/2019\/04\/IMG_0290-768x576.jpg 768w, https:\/\/agora.xtec.cat\/escolamestralvilanova\/wp-content\/uploads\/usu729\/2019\/04\/IMG_0290-1024x768.jpg 1024w, https:\/\/agora.xtec.cat\/escolamestralvilanova\/wp-content\/uploads\/usu729\/2019\/04\/IMG_0290-200x150.jpg 200w\" sizes=\"auto, (max-width: 300px) 100vw, 300px\" \/><\/a><\/p>\n<p>Els temes tractats van ser els seg\u00fcents:<\/p>\n<ol>\n<li>Contes de Sant Jordi<\/li>\n<li>Valoraci\u00f3 activitats amb les Associacions del poble<\/li>\n<li>Altres informacions<\/li>\n<\/ol>\n<p>&nbsp;<\/p>\n<p>&nbsp;<\/p>\n<p>D\u2019aquesta manera, es va arribar als seg\u00fcents acords:<\/p>\n<p><strong>1.CONTES DE SANT JORDI<\/strong><\/p>\n<p>En relaci\u00f3 amb els contes de St. Jordi, es va acordar que cada curs treballar\u00e0 els seg\u00fcents contes:<\/p>\n<table style=\"height: 439px;\" width=\"372\">\n<tbody>\n<tr style=\"height: 33px;\">\n<td style=\"width: 180.217px; height: 33px; text-align: center;\"><strong>CURS<\/strong><\/td>\n<td style=\"width: 183.783px; height: 33px; text-align: center;\"><strong>CONTE<\/strong><\/td>\n<\/tr>\n<tr style=\"height: 33px;\">\n<td style=\"width: 180.217px; text-align: left; height: 33px;\">Ed. INFANTIL<\/td>\n<td style=\"width: 183.783px; height: 33px;\">Participaran com a oients dels contes<\/td>\n<\/tr>\n<tr style=\"height: 33px;\">\n<td style=\"width: 180.217px; text-align: left; height: 33px;\">PRIMER<\/td>\n<td style=\"width: 183.783px; height: 33px;\">\u201cPinotxo\u201d<\/td>\n<\/tr>\n<tr style=\"height: 33px;\">\n<td style=\"width: 180.217px; text-align: left; height: 33px;\">SEGON<\/td>\n<td style=\"width: 183.783px; height: 33px;\">\u201cCompte amb la granota\u201d<\/td>\n<\/tr>\n<tr style=\"height: 33px;\">\n<td style=\"width: 180.217px; text-align: left; height: 33px;\">TERCER<\/td>\n<td style=\"width: 183.783px; height: 33px;\">\u201cPretty Ritty\u201d<\/td>\n<\/tr>\n<tr style=\"height: 137px;\">\n<td style=\"width: 180.217px; text-align: left; height: 137px;\">QUART<\/td>\n<td style=\"width: 183.783px; height: 137px;\">\u201cHansel i Gretel\u201d<\/p>\n<p>\u201cEl soldadet de plom\u201d<\/p>\n<p>\u201cLa llegenda de St. Jordi\u201d<\/td>\n<\/tr>\n<tr style=\"height: 137px;\">\n<td style=\"width: 180.217px; text-align: left; height: 137px;\">CICLE SUPERIOR<\/td>\n<td style=\"width: 183.783px; height: 137px;\">\u201cLa caputxeta daurada\u201d<\/p>\n<p>\u201cLa rateta del lla\u00e7 vermell\u201d<\/p>\n<p>\u201cEls set porquets i el llop\u201d<\/td>\n<\/tr>\n<\/tbody>\n<\/table>\n<p><strong>2.VALORACI\u00d3 ACTIVITATS AMB LES ASSOCIACIONS DEL POBLE<\/strong><\/p>\n<ul>\n<li><u>Bitlles:<\/u><\/li>\n<\/ul>\n<p>Estem molt contents amb l\u2019activitat realitzada amb el grup de bitlles del poble, ja que durant el mes de mar\u00e7 hem anat a jugar gaireb\u00e9 tots els grups de l\u2019escola i ens ha agradat molt. Proposem repetir l\u2019activitat durant el curs vinent.<\/p>\n<ul>\n<li><u>Escacs i Tenis Taula:<\/u><\/li>\n<\/ul>\n<p>Ens agradaria poder realitzar una activitat d\u2019escacs durant el tercer trimestre, els cursos que estarien interessats en dur-la a terme s\u00f3n tots a partir de Primer.<\/p>\n<p>Tamb\u00e9 es proposa parlar amb l\u2019Associaci\u00f3 de Tenis Taula per veure si seria possible la realitzaci\u00f3 d\u2019alguna activitat conjunta.<\/p>\n<ul>\n<li><u>Altres Associacions:<\/u><\/li>\n<\/ul>\n<p>Es parla que encara queda pendent la realitzaci\u00f3 d\u2019activitats amb altres Associacions del poble com: jubilats, pescadors, dones, etc.<\/p>\n<p><strong>3.ALTRES INFORMACIONS<\/strong><\/p>\n<p>Es comenta que per a la propera Assemblea de Delegats, que es realitzar\u00e0 al Tercer Trimestre, els cursos haurien de portar propostes de millora per a l\u2019escola:<\/p>\n<ul>\n<li>Activitats que ens agradaria fer<\/li>\n<li>Millores a l\u2019edifici de l\u2019escola<\/li>\n<li>Millores al pati de l\u2019escola<\/li>\n<\/ul>\n<p><a href=\"https:\/\/photos.app.goo.gl\/Kv6BSE9DUcbaEtTz5\">ENLLA\u00c7 A LES FOTOGRAFIES<\/a><\/p>\n","protected":false},"excerpt":{"rendered":"<p>El passat dia 28 de mar\u00e7 a les 9:30h es va realitzar la segona Assemblea de Delegats i Delegades del curs. Hi van assistir els representants dels alumnes de tots els cursos.<a href=\"https:\/\/agora.xtec.cat\/escolamestralvilanova\/wp-content\/uploads\/usu729\/2019\/04\/IMG_0290.jpg\"><\/a><br \/>\nEls temes tractats van ser els seg\u00fcents:<\/p>\n<ol>\n<li>Contes de Sant Jordi<\/li>\n<li>Valoraci\u00f3 activitats amb les&hellip;  <a href=\"https:\/\/agora.xtec.cat\/escolamestralvilanova\/general\/2a-assemblea-de-delegats-des\/\" title=\"Read 2\u00aa ASSEMBLEA DE DELEGATS\/DES\">Llegeix m\u00e9s\u00bb<\/a><br \/>\n","protected":false},"author":1,"featured_media":0,"comment_status":"open","ping_status":"closed","sticky":false,"template":"","format":"standard","meta":{"_bbp_topic_count":0,"_bbp_reply_count":0,"_bbp_total_topic_count":0,"_bbp_total_reply_count":0,"_bbp_voice_count":0,"_bbp_anonymous_reply_count":0,"_bbp_topic_count_hidden":0,"_bbp_reply_count_hidden":0,"_bbp_forum_subforum_count":0,"footnotes":""},"categories":[13,11,12,15,3,14,8,9,10,23,1,2,4,5],"tags":[],"class_list":["post-1324","post","type-post","status-publish","format-standard","hentry","category-cinque","category-cicle-inicial","category-tercer-quart","category-cicle-superior","category-ei3-ei4-ei5","category-ei1-ei2","category-ei4","category-ei5","category-ei5-primer","category-escola-verda","category-general","category-infantil","category-portada","category-primaria"],"post_mailing_queue_ids":[],"_links":{"self":[{"href":"https:\/\/agora.xtec.cat\/escolamestralvilanova\/wp-json\/wp\/v2\/posts\/1324","targetHints":{"allow":["GET"]}}],"collection":[{"href":"https:\/\/agora.xtec.cat\/escolamestralvilanova\/wp-json\/wp\/v2\/posts"}],"about":[{"href":"https:\/\/agora.xtec.cat\/escolamestralvilanova\/wp-json\/wp\/v2\/types\/post"}],"author":[{"embeddable":true,"href":"https:\/\/agora.xtec.cat\/escolamestralvilanova\/wp-json\/wp\/v2\/users\/1"}],"replies":[{"embeddable":true,"href":"https:\/\/agora.xtec.cat\/escolamestralvilanova\/wp-json\/wp\/v2\/comments?post=1324"}],"version-history":[{"count":3,"href":"https:\/\/agora.xtec.cat\/escolamestralvilanova\/wp-json\/wp\/v2\/posts\/1324\/revisions"}],"predecessor-version":[{"id":1336,"href":"https:\/\/agora.xtec.cat\/escolamestralvilanova\/wp-json\/wp\/v2\/posts\/1324\/revisions\/1336"}],"wp:attachment":[{"href":"https:\/\/agora.xtec.cat\/escolamestralvilanova\/wp-json\/wp\/v2\/media?parent=1324"}],"wp:term":[{"taxonomy":"category","embeddable":true,"href":"https:\/\/agora.xtec.cat\/escolamestralvilanova\/wp-json\/wp\/v2\/categories?post=1324"},{"taxonomy":"post_tag","embeddable":true,"href":"https:\/\/agora.xtec.cat\/escolamestralvilanova\/wp-json\/wp\/v2\/tags?post=1324"}],"curies":[{"name":"wp","href":"https:\/\/api.w.org\/{rel}","templated":true}]}}