{"id":1321,"date":"2019-03-30T09:36:11","date_gmt":"2019-03-30T08:36:11","guid":{"rendered":"http:\/\/agora.xtec.cat\/escolamestralvilanova\/?p=1321"},"modified":"2019-04-01T09:54:14","modified_gmt":"2019-04-01T07:54:14","slug":"treballem-lhort-de-lescola","status":"publish","type":"post","link":"https:\/\/agora.xtec.cat\/escolamestralvilanova\/infantil\/treballem-lhort-de-lescola\/","title":{"rendered":"TREBALLEM L&#8217;HORT DE L&#8217;ESCOLA"},"content":{"rendered":"<p>Durant les darreres setmanes els alumnes de l&#8217;escola hem treballat l&#8217;hort. Per fe-ho ens hem repartit les tasques a realitzar:<\/p>\n<ul>\n<li>Primerament, els alumnes de Cicle Inicial, juntament amb els d&#8217;educaci\u00f3 Infantil, van anar al mercat dels divendres a buscar planter.<\/li>\n<li>Despr\u00e9s, els alumnes de Cicle Superior van treballar la terra de l&#8217;hort per tal de fer-hi cavallons.<\/li>\n<li>I finalment, tots els alumnes de l&#8217;escola vam plantar-hi.<\/li>\n<\/ul>\n<p>Ara, tan sols ens falta cuidar molt l&#8217;hort, tot regant-lo di\u00e0riament.<\/p>\n<ul>\n<li><a href=\"https:\/\/photos.app.goo.gl\/9d9XG5xwrXjg47Zq9\">ENLLA\u00c7 A LES FOTOGRAFIES<\/a><\/li>\n<\/ul>\n<p><a href=\"https:\/\/agora.xtec.cat\/escolamestralvilanova\/wp-content\/uploads\/usu729\/2019\/04\/IMG_6177.jpg\"><img loading=\"lazy\" decoding=\"async\" class=\"alignnone size-medium wp-image-1322\" src=\"https:\/\/agora.xtec.cat\/escolamestralvilanova\/wp-content\/uploads\/usu729\/2019\/04\/IMG_6177-300x225.jpg\" alt=\"\" width=\"300\" height=\"225\" srcset=\"https:\/\/agora.xtec.cat\/escolamestralvilanova\/wp-content\/uploads\/usu729\/2019\/04\/IMG_6177-300x225.jpg 300w, https:\/\/agora.xtec.cat\/escolamestralvilanova\/wp-content\/uploads\/usu729\/2019\/04\/IMG_6177-768x576.jpg 768w, https:\/\/agora.xtec.cat\/escolamestralvilanova\/wp-content\/uploads\/usu729\/2019\/04\/IMG_6177-1024x768.jpg 1024w, https:\/\/agora.xtec.cat\/escolamestralvilanova\/wp-content\/uploads\/usu729\/2019\/04\/IMG_6177-200x150.jpg 200w\" sizes=\"auto, (max-width: 300px) 100vw, 300px\" \/><\/a><\/p>\n<p>Hem de donar les gr\u00e0cies al Jarana perqu\u00e8 sempre ens cedeix el planter per poder treballar l&#8217;hort a l&#8217;escola. MOLTES GR\u00c0CIES!!!!<\/p>\n","protected":false},"excerpt":{"rendered":"<p>Durant les darreres setmanes els alumnes de l&#8217;escola hem treballat l&#8217;hort. Per fe-ho ens hem repartit les tasques a realitzar:<\/p>\n<ul>\n<li>Primerament, els alumnes de Cicle Inicial, juntament amb els d&#8217;educaci\u00f3 Infantil, van anar al mercat dels divendres a buscar planter.<\/li>\n<li>Despr\u00e9s, els alumnes de Cicle Superior van&hellip;  <a href=\"https:\/\/agora.xtec.cat\/escolamestralvilanova\/infantil\/treballem-lhort-de-lescola\/\" title=\"Read TREBALLEM L&#8217;HORT DE L&#8217;ESCOLA\">Llegeix m\u00e9s\u00bb<\/a><br \/>\n","protected":false},"author":1,"featured_media":1170,"comment_status":"open","ping_status":"closed","sticky":false,"template":"","format":"standard","meta":{"_bbp_topic_count":0,"_bbp_reply_count":0,"_bbp_total_topic_count":0,"_bbp_total_reply_count":0,"_bbp_voice_count":0,"_bbp_anonymous_reply_count":0,"_bbp_topic_count_hidden":0,"_bbp_reply_count_hidden":0,"_bbp_forum_subforum_count":0,"footnotes":""},"categories":[13,11,12,15,3,14,8,9,10,23,2,4,5],"tags":[],"class_list":["post-1321","post","type-post","status-publish","format-standard","has-post-thumbnail","hentry","category-cinque","category-cicle-inicial","category-tercer-quart","category-cicle-superior","category-ei3-ei4-ei5","category-ei1-ei2","category-ei4","category-ei5","category-ei5-primer","category-escola-verda","category-infantil","category-portada","category-primaria"],"post_mailing_queue_ids":[],"_links":{"self":[{"href":"https:\/\/agora.xtec.cat\/escolamestralvilanova\/wp-json\/wp\/v2\/posts\/1321","targetHints":{"allow":["GET"]}}],"collection":[{"href":"https:\/\/agora.xtec.cat\/escolamestralvilanova\/wp-json\/wp\/v2\/posts"}],"about":[{"href":"https:\/\/agora.xtec.cat\/escolamestralvilanova\/wp-json\/wp\/v2\/types\/post"}],"author":[{"embeddable":true,"href":"https:\/\/agora.xtec.cat\/escolamestralvilanova\/wp-json\/wp\/v2\/users\/1"}],"replies":[{"embeddable":true,"href":"https:\/\/agora.xtec.cat\/escolamestralvilanova\/wp-json\/wp\/v2\/comments?post=1321"}],"version-history":[{"count":1,"href":"https:\/\/agora.xtec.cat\/escolamestralvilanova\/wp-json\/wp\/v2\/posts\/1321\/revisions"}],"predecessor-version":[{"id":1323,"href":"https:\/\/agora.xtec.cat\/escolamestralvilanova\/wp-json\/wp\/v2\/posts\/1321\/revisions\/1323"}],"wp:featuredmedia":[{"embeddable":true,"href":"https:\/\/agora.xtec.cat\/escolamestralvilanova\/wp-json\/wp\/v2\/media\/1170"}],"wp:attachment":[{"href":"https:\/\/agora.xtec.cat\/escolamestralvilanova\/wp-json\/wp\/v2\/media?parent=1321"}],"wp:term":[{"taxonomy":"category","embeddable":true,"href":"https:\/\/agora.xtec.cat\/escolamestralvilanova\/wp-json\/wp\/v2\/categories?post=1321"},{"taxonomy":"post_tag","embeddable":true,"href":"https:\/\/agora.xtec.cat\/escolamestralvilanova\/wp-json\/wp\/v2\/tags?post=1321"}],"curies":[{"name":"wp","href":"https:\/\/api.w.org\/{rel}","templated":true}]}}