{"id":1298,"date":"2019-03-27T16:53:46","date_gmt":"2019-03-27T15:53:46","guid":{"rendered":"http:\/\/agora.xtec.cat\/escolamestralvilanova\/?p=1298"},"modified":"2019-03-27T21:16:49","modified_gmt":"2019-03-27T20:16:49","slug":"juguem-a-bitlles","status":"publish","type":"post","link":"https:\/\/agora.xtec.cat\/escolamestralvilanova\/portada\/juguem-a-bitlles\/","title":{"rendered":"JUGUEM A BITLLES!"},"content":{"rendered":"<p>El passat dimecres 20 de mar\u00e7 els alumnes de Cicle Inicial vam anar a jugar bitlles.<\/p>\n<p>Continuant amb la proposta sortida de l&#8217;Assemblea de delegats de realitzar activitats amb les Associacions del poble, el dimecres 20 va ser el torn dels alumnes de Cicle Inicial.<\/p>\n<p>Estem molt agra\u00efts als padrins del poble, ja que ens agrada molt passar una estona amb ells.<\/p>\n<p>Ens ho vam passar d&#8217;all\u00f2 m\u00e9s b\u00e9!!<\/p>\n<ul>\n<li><a href=\"https:\/\/photos.app.goo.gl\/E84i1W3znXMiD3Zt7\">ENLLA\u00c7 A LES FOTOGRAFIES<\/a><\/li>\n<\/ul>\n<p><a href=\"https:\/\/agora.xtec.cat\/escolamestralvilanova\/wp-content\/uploads\/usu729\/2019\/03\/IMG_6174.jpg\"><img loading=\"lazy\" decoding=\"async\" class=\"alignnone size-medium wp-image-1300\" src=\"https:\/\/agora.xtec.cat\/escolamestralvilanova\/wp-content\/uploads\/usu729\/2019\/03\/IMG_6174-300x225.jpg\" alt=\"\" width=\"300\" height=\"225\" srcset=\"https:\/\/agora.xtec.cat\/escolamestralvilanova\/wp-content\/uploads\/usu729\/2019\/03\/IMG_6174-300x225.jpg 300w, https:\/\/agora.xtec.cat\/escolamestralvilanova\/wp-content\/uploads\/usu729\/2019\/03\/IMG_6174-768x576.jpg 768w, https:\/\/agora.xtec.cat\/escolamestralvilanova\/wp-content\/uploads\/usu729\/2019\/03\/IMG_6174-1024x768.jpg 1024w, https:\/\/agora.xtec.cat\/escolamestralvilanova\/wp-content\/uploads\/usu729\/2019\/03\/IMG_6174-200x150.jpg 200w\" sizes=\"auto, (max-width: 300px) 100vw, 300px\" \/><\/a><\/p>\n","protected":false},"excerpt":{"rendered":"<p>El passat dimecres 20 de mar\u00e7 els alumnes de Cicle Inicial vam anar a jugar bitlles.<br \/>\nContinuant amb la proposta sortida de l&#8217;Assemblea de delegats de realitzar activitats amb les Associacions del poble, el dimecres 20 va ser el torn dels alumnes de Cicle Inicial.<br \/>\nEstem molt&hellip;  <a href=\"https:\/\/agora.xtec.cat\/escolamestralvilanova\/portada\/juguem-a-bitlles\/\" title=\"Read JUGUEM A BITLLES!\">Llegeix m\u00e9s\u00bb<\/a><\/p>\n","protected":false},"author":1,"featured_media":0,"comment_status":"open","ping_status":"closed","sticky":false,"template":"","format":"standard","meta":{"_bbp_topic_count":0,"_bbp_reply_count":0,"_bbp_total_topic_count":0,"_bbp_total_reply_count":0,"_bbp_voice_count":0,"_bbp_anonymous_reply_count":0,"_bbp_topic_count_hidden":0,"_bbp_reply_count_hidden":0,"_bbp_forum_subforum_count":0,"footnotes":""},"categories":[11,10,4,5],"tags":[],"class_list":["post-1298","post","type-post","status-publish","format-standard","hentry","category-cicle-inicial","category-ei5-primer","category-portada","category-primaria"],"post_mailing_queue_ids":[],"_links":{"self":[{"href":"https:\/\/agora.xtec.cat\/escolamestralvilanova\/wp-json\/wp\/v2\/posts\/1298","targetHints":{"allow":["GET"]}}],"collection":[{"href":"https:\/\/agora.xtec.cat\/escolamestralvilanova\/wp-json\/wp\/v2\/posts"}],"about":[{"href":"https:\/\/agora.xtec.cat\/escolamestralvilanova\/wp-json\/wp\/v2\/types\/post"}],"author":[{"embeddable":true,"href":"https:\/\/agora.xtec.cat\/escolamestralvilanova\/wp-json\/wp\/v2\/users\/1"}],"replies":[{"embeddable":true,"href":"https:\/\/agora.xtec.cat\/escolamestralvilanova\/wp-json\/wp\/v2\/comments?post=1298"}],"version-history":[{"count":3,"href":"https:\/\/agora.xtec.cat\/escolamestralvilanova\/wp-json\/wp\/v2\/posts\/1298\/revisions"}],"predecessor-version":[{"id":1302,"href":"https:\/\/agora.xtec.cat\/escolamestralvilanova\/wp-json\/wp\/v2\/posts\/1298\/revisions\/1302"}],"wp:attachment":[{"href":"https:\/\/agora.xtec.cat\/escolamestralvilanova\/wp-json\/wp\/v2\/media?parent=1298"}],"wp:term":[{"taxonomy":"category","embeddable":true,"href":"https:\/\/agora.xtec.cat\/escolamestralvilanova\/wp-json\/wp\/v2\/categories?post=1298"},{"taxonomy":"post_tag","embeddable":true,"href":"https:\/\/agora.xtec.cat\/escolamestralvilanova\/wp-json\/wp\/v2\/tags?post=1298"}],"curies":[{"name":"wp","href":"https:\/\/api.w.org\/{rel}","templated":true}]}}