{"id":1296,"date":"2019-03-28T09:17:42","date_gmt":"2019-03-28T08:17:42","guid":{"rendered":"http:\/\/agora.xtec.cat\/escolamestralvilanova\/?p=1296"},"modified":"2019-03-27T21:24:33","modified_gmt":"2019-03-27T20:24:33","slug":"visita-a-fruilar","status":"publish","type":"post","link":"https:\/\/agora.xtec.cat\/escolamestralvilanova\/general\/visita-a-fruilar\/","title":{"rendered":"VISITA A FRUILAR!"},"content":{"rendered":"<p>Durant el mat\u00ed del dimecres 27 de mar\u00e7, els alumnes de Cicle Inicial i Cicle Mitj\u00e0 vam fer una visita a la central fruitera FRUILAR, situada la pol\u00edgon del Segre a Lleida.<\/p>\n<p>Durant la visita realitzada per les seves instal\u00b7lacions vam poder observar tot el proc\u00e9s de conservaci\u00f3 i encaixat de la fruita.<\/p>\n<p>Tamb\u00e9 vam dur a terme un taller el qual tractava de preparar, per grups, diferents tastets de fruita i fer un esmorzar comunitari saludable.<\/p>\n<p>Finalment, vam tornar a agafar l&#8217;autocar per anar al camp a veure com la primavera ha fet florir els arbres fruiters. Un pag\u00e8s de la zona, anomenat Armando, ens ha explicat les caracter\u00edstiques dels fruiters i hem pogut observar la seva floraci\u00f3 en directe.<\/p>\n<p>Ha estat una sortida molt interessant en la qual hem apr\u00e8s moltes coses!<\/p>\n<ul>\n<li><a href=\"https:\/\/photos.app.goo.gl\/HZFbd3osKwKYGdADA\">ENLLA\u00c7 A LES FOTOGRAFIES<\/a><\/li>\n<\/ul>\n<p><a href=\"https:\/\/agora.xtec.cat\/escolamestralvilanova\/wp-content\/uploads\/usu729\/2019\/03\/IMG_0827.jpg\"><img loading=\"lazy\" decoding=\"async\" class=\"alignnone size-medium wp-image-1303\" src=\"https:\/\/agora.xtec.cat\/escolamestralvilanova\/wp-content\/uploads\/usu729\/2019\/03\/IMG_0827-300x225.jpg\" alt=\"\" width=\"300\" height=\"225\" srcset=\"https:\/\/agora.xtec.cat\/escolamestralvilanova\/wp-content\/uploads\/usu729\/2019\/03\/IMG_0827-300x225.jpg 300w, https:\/\/agora.xtec.cat\/escolamestralvilanova\/wp-content\/uploads\/usu729\/2019\/03\/IMG_0827-200x150.jpg 200w, https:\/\/agora.xtec.cat\/escolamestralvilanova\/wp-content\/uploads\/usu729\/2019\/03\/IMG_0827.jpg 640w\" sizes=\"auto, (max-width: 300px) 100vw, 300px\" \/><\/a><\/p>\n","protected":false},"excerpt":{"rendered":"<p>Durant el mat\u00ed del dimecres 27 de mar\u00e7, els alumnes de Cicle Inicial i Cicle Mitj\u00e0 vam fer una visita a la central fruitera FRUILAR, situada la pol\u00edgon del Segre a Lleida.<br \/>\nDurant la visita realitzada per les seves instal\u00b7lacions vam poder observar tot el proc\u00e9s&hellip;  <a href=\"https:\/\/agora.xtec.cat\/escolamestralvilanova\/general\/visita-a-fruilar\/\" title=\"Read VISITA A FRUILAR!\">Llegeix m\u00e9s\u00bb<\/a><\/p>\n","protected":false},"author":6,"featured_media":0,"comment_status":"open","ping_status":"closed","sticky":false,"template":"","format":"standard","meta":{"_bbp_topic_count":0,"_bbp_reply_count":0,"_bbp_total_topic_count":0,"_bbp_total_reply_count":0,"_bbp_voice_count":0,"_bbp_anonymous_reply_count":0,"_bbp_topic_count_hidden":0,"_bbp_reply_count_hidden":0,"_bbp_forum_subforum_count":0,"footnotes":""},"categories":[13,11,12,10,23,1,4,5],"tags":[],"class_list":["post-1296","post","type-post","status-publish","format-standard","hentry","category-cinque","category-cicle-inicial","category-tercer-quart","category-ei5-primer","category-escola-verda","category-general","category-portada","category-primaria"],"post_mailing_queue_ids":[],"_links":{"self":[{"href":"https:\/\/agora.xtec.cat\/escolamestralvilanova\/wp-json\/wp\/v2\/posts\/1296","targetHints":{"allow":["GET"]}}],"collection":[{"href":"https:\/\/agora.xtec.cat\/escolamestralvilanova\/wp-json\/wp\/v2\/posts"}],"about":[{"href":"https:\/\/agora.xtec.cat\/escolamestralvilanova\/wp-json\/wp\/v2\/types\/post"}],"author":[{"embeddable":true,"href":"https:\/\/agora.xtec.cat\/escolamestralvilanova\/wp-json\/wp\/v2\/users\/6"}],"replies":[{"embeddable":true,"href":"https:\/\/agora.xtec.cat\/escolamestralvilanova\/wp-json\/wp\/v2\/comments?post=1296"}],"version-history":[{"count":3,"href":"https:\/\/agora.xtec.cat\/escolamestralvilanova\/wp-json\/wp\/v2\/posts\/1296\/revisions"}],"predecessor-version":[{"id":1305,"href":"https:\/\/agora.xtec.cat\/escolamestralvilanova\/wp-json\/wp\/v2\/posts\/1296\/revisions\/1305"}],"wp:attachment":[{"href":"https:\/\/agora.xtec.cat\/escolamestralvilanova\/wp-json\/wp\/v2\/media?parent=1296"}],"wp:term":[{"taxonomy":"category","embeddable":true,"href":"https:\/\/agora.xtec.cat\/escolamestralvilanova\/wp-json\/wp\/v2\/categories?post=1296"},{"taxonomy":"post_tag","embeddable":true,"href":"https:\/\/agora.xtec.cat\/escolamestralvilanova\/wp-json\/wp\/v2\/tags?post=1296"}],"curies":[{"name":"wp","href":"https:\/\/api.w.org\/{rel}","templated":true}]}}