{"id":1255,"date":"2019-03-11T10:18:20","date_gmt":"2019-03-11T09:18:20","guid":{"rendered":"http:\/\/agora.xtec.cat\/escolamestralvilanova\/?p=1255"},"modified":"2019-03-11T10:19:09","modified_gmt":"2019-03-11T09:19:09","slug":"preparem-lhort","status":"publish","type":"post","link":"https:\/\/agora.xtec.cat\/escolamestralvilanova\/portada\/preparem-lhort\/","title":{"rendered":"PREPAREM L&#8217;HORT"},"content":{"rendered":"<p>Com que ja ve el bon temps, durant el mat\u00ed del divendres 8 de mar\u00e7, els alumnes de Cicle Superior de l&#8217;escola vam preparar l&#8217;hort de &#8220;l&#8217;Escoleta&#8221; per tal de poder-hi plantar o sembrar hortalisses.<\/p>\n<p>La nostra tasca consistia en treure les males herbes i remoure la terra, per\u00f2 com ens resultava una feina for\u00e7a feixuga, vam haver de demanar ajuda al Sisco que va portar un muticultor i aix\u00ed\u00a0 va poder remoure tota la terra.<\/p>\n<p>Ara ja est\u00e0 a punt per una nova sembra!<\/p>\n<ul>\n<li><a href=\"https:\/\/photos.app.goo.gl\/rX7b2rsSWja1K8CK7\">ENLLA\u00c7 A LES FOTOGRAFIES<\/a><\/li>\n<\/ul>\n<p><a href=\"https:\/\/agora.xtec.cat\/escolamestralvilanova\/wp-content\/uploads\/usu729\/2019\/03\/IMG_9871.jpg\"><img loading=\"lazy\" decoding=\"async\" class=\"alignnone size-medium wp-image-1256\" src=\"https:\/\/agora.xtec.cat\/escolamestralvilanova\/wp-content\/uploads\/usu729\/2019\/03\/IMG_9871-300x225.jpg\" alt=\"\" width=\"300\" height=\"225\" srcset=\"https:\/\/agora.xtec.cat\/escolamestralvilanova\/wp-content\/uploads\/usu729\/2019\/03\/IMG_9871-300x225.jpg 300w, https:\/\/agora.xtec.cat\/escolamestralvilanova\/wp-content\/uploads\/usu729\/2019\/03\/IMG_9871-200x150.jpg 200w, https:\/\/agora.xtec.cat\/escolamestralvilanova\/wp-content\/uploads\/usu729\/2019\/03\/IMG_9871.jpg 697w\" sizes=\"auto, (max-width: 300px) 100vw, 300px\" \/><\/a><\/p>\n","protected":false},"excerpt":{"rendered":"<p>Com que ja ve el bon temps, durant el mat\u00ed del divendres 8 de mar\u00e7, els alumnes de Cicle Superior de l&#8217;escola vam preparar l&#8217;hort de &#8220;l&#8217;Escoleta&#8221; per tal de poder-hi plantar o sembrar hortalisses.<br \/>\nLa nostra tasca consistia en treure les males herbes i remoure&hellip;  <a href=\"https:\/\/agora.xtec.cat\/escolamestralvilanova\/portada\/preparem-lhort\/\" title=\"Read PREPAREM L&#8217;HORT\">Llegeix m\u00e9s\u00bb<\/a><\/p>\n","protected":false},"author":1,"featured_media":1170,"comment_status":"open","ping_status":"closed","sticky":false,"template":"","format":"standard","meta":{"_bbp_topic_count":0,"_bbp_reply_count":0,"_bbp_total_topic_count":0,"_bbp_total_reply_count":0,"_bbp_voice_count":0,"_bbp_anonymous_reply_count":0,"_bbp_topic_count_hidden":0,"_bbp_reply_count_hidden":0,"_bbp_forum_subforum_count":0,"footnotes":""},"categories":[15,23,4,5],"tags":[],"class_list":["post-1255","post","type-post","status-publish","format-standard","has-post-thumbnail","hentry","category-cicle-superior","category-escola-verda","category-portada","category-primaria"],"post_mailing_queue_ids":[],"_links":{"self":[{"href":"https:\/\/agora.xtec.cat\/escolamestralvilanova\/wp-json\/wp\/v2\/posts\/1255","targetHints":{"allow":["GET"]}}],"collection":[{"href":"https:\/\/agora.xtec.cat\/escolamestralvilanova\/wp-json\/wp\/v2\/posts"}],"about":[{"href":"https:\/\/agora.xtec.cat\/escolamestralvilanova\/wp-json\/wp\/v2\/types\/post"}],"author":[{"embeddable":true,"href":"https:\/\/agora.xtec.cat\/escolamestralvilanova\/wp-json\/wp\/v2\/users\/1"}],"replies":[{"embeddable":true,"href":"https:\/\/agora.xtec.cat\/escolamestralvilanova\/wp-json\/wp\/v2\/comments?post=1255"}],"version-history":[{"count":2,"href":"https:\/\/agora.xtec.cat\/escolamestralvilanova\/wp-json\/wp\/v2\/posts\/1255\/revisions"}],"predecessor-version":[{"id":1258,"href":"https:\/\/agora.xtec.cat\/escolamestralvilanova\/wp-json\/wp\/v2\/posts\/1255\/revisions\/1258"}],"wp:featuredmedia":[{"embeddable":true,"href":"https:\/\/agora.xtec.cat\/escolamestralvilanova\/wp-json\/wp\/v2\/media\/1170"}],"wp:attachment":[{"href":"https:\/\/agora.xtec.cat\/escolamestralvilanova\/wp-json\/wp\/v2\/media?parent=1255"}],"wp:term":[{"taxonomy":"category","embeddable":true,"href":"https:\/\/agora.xtec.cat\/escolamestralvilanova\/wp-json\/wp\/v2\/categories?post=1255"},{"taxonomy":"post_tag","embeddable":true,"href":"https:\/\/agora.xtec.cat\/escolamestralvilanova\/wp-json\/wp\/v2\/tags?post=1255"}],"curies":[{"name":"wp","href":"https:\/\/api.w.org\/{rel}","templated":true}]}}