{"id":1250,"date":"2019-03-12T16:41:47","date_gmt":"2019-03-12T15:41:47","guid":{"rendered":"http:\/\/agora.xtec.cat\/escolamestralvilanova\/?p=1250"},"modified":"2019-03-13T23:04:01","modified_gmt":"2019-03-13T22:04:01","slug":"ja-queda-menys-per-sant-jordi","status":"publish","type":"post","link":"https:\/\/agora.xtec.cat\/escolamestralvilanova\/general\/ja-queda-menys-per-sant-jordi\/","title":{"rendered":"JA QUEDA MENYS PER SANT JORDI&#8230;"},"content":{"rendered":"<p>Els alumnes de quart ja hem comen\u00e7at un &#8220;<strong>Projecte de lectures diverses<\/strong>&#8221; amb l&#8217;objectiu de preparar la Diada de Sant Jordi. Aquest any la tem\u00e0tica principal de Sant Jordi seran els contes cl\u00e0ssics. A la nostra classe ja hem comen\u00e7at amb el nostre recull de contes i ja estem preparats per a treballar molt a partir d&#8217;aquests t\u00edtols tant coneguts per nosaltres.<\/p>\n<p>Farem volar la imaginaci\u00f3 i ens endinsarem en aquest m\u00f3n d&#8217;hist\u00f2ries buscant-ne altres versions!<\/p>\n<p>Hem muntat a la classe una taula amb el nostre recull, ara ja podem comen\u00e7ar a treballar!<\/p>\n<p><a href=\"https:\/\/agora.xtec.cat\/escolamestralvilanova\/wp-content\/uploads\/usu729\/2019\/03\/contes-cl\u00e0ssics.jpg\"><img loading=\"lazy\" decoding=\"async\" class=\"alignleft wp-image-1251 size-medium\" src=\"https:\/\/agora.xtec.cat\/escolamestralvilanova\/wp-content\/uploads\/usu729\/2019\/03\/contes-cl\u00e0ssics-300x225.jpg\" alt=\"\" width=\"300\" height=\"225\" srcset=\"https:\/\/agora.xtec.cat\/escolamestralvilanova\/wp-content\/uploads\/usu729\/2019\/03\/contes-cl\u00e0ssics-300x225.jpg 300w, https:\/\/agora.xtec.cat\/escolamestralvilanova\/wp-content\/uploads\/usu729\/2019\/03\/contes-cl\u00e0ssics-200x150.jpg 200w, https:\/\/agora.xtec.cat\/escolamestralvilanova\/wp-content\/uploads\/usu729\/2019\/03\/contes-cl\u00e0ssics.jpg 640w\" sizes=\"auto, (max-width: 300px) 100vw, 300px\" \/><\/a><\/p>\n","protected":false},"excerpt":{"rendered":"<p>Els alumnes de quart ja hem comen\u00e7at un &#8220;Projecte de lectures diverses&#8221; amb l&#8217;objectiu de preparar la Diada de Sant Jordi. Aquest any la tem\u00e0tica principal de Sant Jordi seran els contes cl\u00e0ssics. A la nostra classe ja hem comen\u00e7at amb el nostre recull de&hellip;  <a href=\"https:\/\/agora.xtec.cat\/escolamestralvilanova\/general\/ja-queda-menys-per-sant-jordi\/\" title=\"Read JA QUEDA MENYS PER SANT JORDI&#8230;\">Llegeix m\u00e9s\u00bb<\/a><\/p>\n","protected":false},"author":6,"featured_media":1170,"comment_status":"open","ping_status":"closed","sticky":false,"template":"","format":"standard","meta":{"_bbp_topic_count":0,"_bbp_reply_count":0,"_bbp_total_topic_count":0,"_bbp_total_reply_count":0,"_bbp_voice_count":0,"_bbp_anonymous_reply_count":0,"_bbp_topic_count_hidden":0,"_bbp_reply_count_hidden":0,"_bbp_forum_subforum_count":0,"footnotes":""},"categories":[13,1,52,4],"tags":[],"class_list":["post-1250","post","type-post","status-publish","format-standard","has-post-thumbnail","hentry","category-cinque","category-general","category-llegim","category-portada"],"post_mailing_queue_ids":[],"_links":{"self":[{"href":"https:\/\/agora.xtec.cat\/escolamestralvilanova\/wp-json\/wp\/v2\/posts\/1250","targetHints":{"allow":["GET"]}}],"collection":[{"href":"https:\/\/agora.xtec.cat\/escolamestralvilanova\/wp-json\/wp\/v2\/posts"}],"about":[{"href":"https:\/\/agora.xtec.cat\/escolamestralvilanova\/wp-json\/wp\/v2\/types\/post"}],"author":[{"embeddable":true,"href":"https:\/\/agora.xtec.cat\/escolamestralvilanova\/wp-json\/wp\/v2\/users\/6"}],"replies":[{"embeddable":true,"href":"https:\/\/agora.xtec.cat\/escolamestralvilanova\/wp-json\/wp\/v2\/comments?post=1250"}],"version-history":[{"count":2,"href":"https:\/\/agora.xtec.cat\/escolamestralvilanova\/wp-json\/wp\/v2\/posts\/1250\/revisions"}],"predecessor-version":[{"id":1272,"href":"https:\/\/agora.xtec.cat\/escolamestralvilanova\/wp-json\/wp\/v2\/posts\/1250\/revisions\/1272"}],"wp:featuredmedia":[{"embeddable":true,"href":"https:\/\/agora.xtec.cat\/escolamestralvilanova\/wp-json\/wp\/v2\/media\/1170"}],"wp:attachment":[{"href":"https:\/\/agora.xtec.cat\/escolamestralvilanova\/wp-json\/wp\/v2\/media?parent=1250"}],"wp:term":[{"taxonomy":"category","embeddable":true,"href":"https:\/\/agora.xtec.cat\/escolamestralvilanova\/wp-json\/wp\/v2\/categories?post=1250"},{"taxonomy":"post_tag","embeddable":true,"href":"https:\/\/agora.xtec.cat\/escolamestralvilanova\/wp-json\/wp\/v2\/tags?post=1250"}],"curies":[{"name":"wp","href":"https:\/\/api.w.org\/{rel}","templated":true}]}}