{"id":1246,"date":"2019-03-01T14:23:12","date_gmt":"2019-03-01T13:23:12","guid":{"rendered":"http:\/\/agora.xtec.cat\/escolamestralvilanova\/?p=1246"},"modified":"2019-03-13T16:46:41","modified_gmt":"2019-03-13T15:46:41","slug":"ens-visita-el-pare-de-la-julia","status":"publish","type":"post","link":"https:\/\/agora.xtec.cat\/escolamestralvilanova\/portada\/ens-visita-el-pare-de-la-julia\/","title":{"rendered":"ENS VISITA EL PARE DE LA J\u00daLIA"},"content":{"rendered":"<p>Avui hem rebut la visita del pare de la J\u00falia. Al llarg de les seves explicacions hem pogut prendre consci\u00e8ncia vers la import\u00e0ncia de la seva tasca vetllant per la seguretat de les persones.<\/p>\n<p>Tamb\u00e9 ens ha donat molts consells \u00fatils per tal de poder ser uns bons ciutadans i eludir alguns dels perills que existeixen.<\/p>\n<p>Ha estat una gran experi\u00e8ncia i hem apr\u00e8s molt!<\/p>\n<ul>\n<li><a href=\"https:\/\/photos.app.goo.gl\/1YpZd7Ri2JNtXauc7\">ENLLA\u00c7 A LES FOTOGRAFIES<\/a><\/li>\n<\/ul>\n<p><a href=\"https:\/\/agora.xtec.cat\/escolamestralvilanova\/wp-content\/uploads\/usu729\/2019\/03\/IMG_9756.jpg\"><img loading=\"lazy\" decoding=\"async\" class=\"alignnone size-medium wp-image-1247\" src=\"https:\/\/agora.xtec.cat\/escolamestralvilanova\/wp-content\/uploads\/usu729\/2019\/03\/IMG_9756-300x225.jpg\" alt=\"\" width=\"300\" height=\"225\" srcset=\"https:\/\/agora.xtec.cat\/escolamestralvilanova\/wp-content\/uploads\/usu729\/2019\/03\/IMG_9756-300x225.jpg 300w, https:\/\/agora.xtec.cat\/escolamestralvilanova\/wp-content\/uploads\/usu729\/2019\/03\/IMG_9756-768x576.jpg 768w, https:\/\/agora.xtec.cat\/escolamestralvilanova\/wp-content\/uploads\/usu729\/2019\/03\/IMG_9756-1024x768.jpg 1024w, https:\/\/agora.xtec.cat\/escolamestralvilanova\/wp-content\/uploads\/usu729\/2019\/03\/IMG_9756-200x150.jpg 200w, https:\/\/agora.xtec.cat\/escolamestralvilanova\/wp-content\/uploads\/usu729\/2019\/03\/IMG_9756.jpg 2000w\" sizes=\"auto, (max-width: 300px) 100vw, 300px\" \/><\/a><\/p>\n","protected":false},"excerpt":{"rendered":"<p>Avui hem rebut la visita del pare de la J\u00falia. Al llarg de les seves explicacions hem pogut prendre consci\u00e8ncia vers la import\u00e0ncia de la seva tasca vetllant per la seguretat de les persones.<br \/>\nTamb\u00e9 ens ha donat molts consells \u00fatils per tal de poder ser&hellip;  <a href=\"https:\/\/agora.xtec.cat\/escolamestralvilanova\/portada\/ens-visita-el-pare-de-la-julia\/\" title=\"Read ENS VISITA EL PARE DE LA J\u00daLIA\">Llegeix m\u00e9s\u00bb<\/a><\/p>\n","protected":false},"author":1,"featured_media":1170,"comment_status":"open","ping_status":"closed","sticky":false,"template":"","format":"standard","meta":{"_bbp_topic_count":0,"_bbp_reply_count":0,"_bbp_total_topic_count":0,"_bbp_total_reply_count":0,"_bbp_voice_count":0,"_bbp_anonymous_reply_count":0,"_bbp_topic_count_hidden":0,"_bbp_reply_count_hidden":0,"_bbp_forum_subforum_count":0,"footnotes":""},"categories":[15,54,57,4,5],"tags":[],"class_list":["post-1246","post","type-post","status-publish","format-standard","has-post-thumbnail","hentry","category-cicle-superior","category-fer","category-espai-families","category-portada","category-primaria"],"post_mailing_queue_ids":[],"_links":{"self":[{"href":"https:\/\/agora.xtec.cat\/escolamestralvilanova\/wp-json\/wp\/v2\/posts\/1246","targetHints":{"allow":["GET"]}}],"collection":[{"href":"https:\/\/agora.xtec.cat\/escolamestralvilanova\/wp-json\/wp\/v2\/posts"}],"about":[{"href":"https:\/\/agora.xtec.cat\/escolamestralvilanova\/wp-json\/wp\/v2\/types\/post"}],"author":[{"embeddable":true,"href":"https:\/\/agora.xtec.cat\/escolamestralvilanova\/wp-json\/wp\/v2\/users\/1"}],"replies":[{"embeddable":true,"href":"https:\/\/agora.xtec.cat\/escolamestralvilanova\/wp-json\/wp\/v2\/comments?post=1246"}],"version-history":[{"count":1,"href":"https:\/\/agora.xtec.cat\/escolamestralvilanova\/wp-json\/wp\/v2\/posts\/1246\/revisions"}],"predecessor-version":[{"id":1248,"href":"https:\/\/agora.xtec.cat\/escolamestralvilanova\/wp-json\/wp\/v2\/posts\/1246\/revisions\/1248"}],"wp:featuredmedia":[{"embeddable":true,"href":"https:\/\/agora.xtec.cat\/escolamestralvilanova\/wp-json\/wp\/v2\/media\/1170"}],"wp:attachment":[{"href":"https:\/\/agora.xtec.cat\/escolamestralvilanova\/wp-json\/wp\/v2\/media?parent=1246"}],"wp:term":[{"taxonomy":"category","embeddable":true,"href":"https:\/\/agora.xtec.cat\/escolamestralvilanova\/wp-json\/wp\/v2\/categories?post=1246"},{"taxonomy":"post_tag","embeddable":true,"href":"https:\/\/agora.xtec.cat\/escolamestralvilanova\/wp-json\/wp\/v2\/tags?post=1246"}],"curies":[{"name":"wp","href":"https:\/\/api.w.org\/{rel}","templated":true}]}}