{"id":1214,"date":"2019-03-01T15:10:20","date_gmt":"2019-03-01T14:10:20","guid":{"rendered":"http:\/\/agora.xtec.cat\/escolamestralvilanova\/?p=1214"},"modified":"2019-03-01T15:10:20","modified_gmt":"2019-03-01T14:10:20","slug":"taller-art-i-reciclatge","status":"publish","type":"post","link":"https:\/\/agora.xtec.cat\/escolamestralvilanova\/general\/taller-art-i-reciclatge\/","title":{"rendered":"TALLER &#8220;ART I RECICLATGE&#8221;"},"content":{"rendered":"<p>La setmana passada, els alumnes de Cicle Mitj\u00e0 i Cicle Superior vam realitzar un taller anomenat &#8220;Art i reciclatge&#8221;. En primer lloc, ens van fer una xerrada per a conscienciar-nos de la import\u00e0ncia del reciclatge i tot seguit vam procedir a l&#8217;elaboraci\u00f3 de la nostra obra.<\/p>\n<p>Vam aprofitar per construir un nou Carnestoltes! De manera que treballant en grups cooperatius, tots i totes ens vam implicar en el proc\u00e9s d&#8217;elaboraci\u00f3 per tal d&#8217;obtenir un resultat que ens agrad\u00e9s a tots i a totes.<\/p>\n<p>Estem molt satisfets de la tasca realitzada! Ha sigut tot un \u00e8xit!<\/p>\n<ul>\n<li><a href=\"https:\/\/photos.app.goo.gl\/9FJo71MTqoFWEzMQ6\">ENLLA\u00c7 A LES FOTOGRAFIES<\/a><\/li>\n<\/ul>\n<p><a href=\"https:\/\/agora.xtec.cat\/escolamestralvilanova\/wp-content\/uploads\/usu729\/2019\/03\/IMG_9267.jpg\"><img loading=\"lazy\" decoding=\"async\" class=\"alignnone size-medium wp-image-1236\" src=\"https:\/\/agora.xtec.cat\/escolamestralvilanova\/wp-content\/uploads\/usu729\/2019\/03\/IMG_9267-300x225.jpg\" alt=\"\" width=\"300\" height=\"225\" srcset=\"https:\/\/agora.xtec.cat\/escolamestralvilanova\/wp-content\/uploads\/usu729\/2019\/03\/IMG_9267-300x225.jpg 300w, https:\/\/agora.xtec.cat\/escolamestralvilanova\/wp-content\/uploads\/usu729\/2019\/03\/IMG_9267-768x576.jpg 768w, https:\/\/agora.xtec.cat\/escolamestralvilanova\/wp-content\/uploads\/usu729\/2019\/03\/IMG_9267-1024x768.jpg 1024w, https:\/\/agora.xtec.cat\/escolamestralvilanova\/wp-content\/uploads\/usu729\/2019\/03\/IMG_9267-200x150.jpg 200w\" sizes=\"auto, (max-width: 300px) 100vw, 300px\" \/><\/a><\/p>\n","protected":false},"excerpt":{"rendered":"<p>La setmana passada, els alumnes de Cicle Mitj\u00e0 i Cicle Superior vam realitzar un taller anomenat &#8220;Art i reciclatge&#8221;. En primer lloc, ens van fer una xerrada per a conscienciar-nos de la import\u00e0ncia del reciclatge i tot seguit vam procedir a l&#8217;elaboraci\u00f3 de la nostra&hellip;  <a href=\"https:\/\/agora.xtec.cat\/escolamestralvilanova\/general\/taller-art-i-reciclatge\/\" title=\"Read TALLER &#8220;ART I RECICLATGE&#8221;\">Llegeix m\u00e9s\u00bb<\/a><\/p>\n","protected":false},"author":6,"featured_media":1170,"comment_status":"open","ping_status":"closed","sticky":false,"template":"","format":"standard","meta":{"_bbp_topic_count":0,"_bbp_reply_count":0,"_bbp_total_topic_count":0,"_bbp_total_reply_count":0,"_bbp_voice_count":0,"_bbp_anonymous_reply_count":0,"_bbp_topic_count_hidden":0,"_bbp_reply_count_hidden":0,"_bbp_forum_subforum_count":0,"footnotes":""},"categories":[13,12,15,1,4,5],"tags":[],"class_list":["post-1214","post","type-post","status-publish","format-standard","has-post-thumbnail","hentry","category-cinque","category-tercer-quart","category-cicle-superior","category-general","category-portada","category-primaria"],"post_mailing_queue_ids":[],"_links":{"self":[{"href":"https:\/\/agora.xtec.cat\/escolamestralvilanova\/wp-json\/wp\/v2\/posts\/1214","targetHints":{"allow":["GET"]}}],"collection":[{"href":"https:\/\/agora.xtec.cat\/escolamestralvilanova\/wp-json\/wp\/v2\/posts"}],"about":[{"href":"https:\/\/agora.xtec.cat\/escolamestralvilanova\/wp-json\/wp\/v2\/types\/post"}],"author":[{"embeddable":true,"href":"https:\/\/agora.xtec.cat\/escolamestralvilanova\/wp-json\/wp\/v2\/users\/6"}],"replies":[{"embeddable":true,"href":"https:\/\/agora.xtec.cat\/escolamestralvilanova\/wp-json\/wp\/v2\/comments?post=1214"}],"version-history":[{"count":3,"href":"https:\/\/agora.xtec.cat\/escolamestralvilanova\/wp-json\/wp\/v2\/posts\/1214\/revisions"}],"predecessor-version":[{"id":1238,"href":"https:\/\/agora.xtec.cat\/escolamestralvilanova\/wp-json\/wp\/v2\/posts\/1214\/revisions\/1238"}],"wp:featuredmedia":[{"embeddable":true,"href":"https:\/\/agora.xtec.cat\/escolamestralvilanova\/wp-json\/wp\/v2\/media\/1170"}],"wp:attachment":[{"href":"https:\/\/agora.xtec.cat\/escolamestralvilanova\/wp-json\/wp\/v2\/media?parent=1214"}],"wp:term":[{"taxonomy":"category","embeddable":true,"href":"https:\/\/agora.xtec.cat\/escolamestralvilanova\/wp-json\/wp\/v2\/categories?post=1214"},{"taxonomy":"post_tag","embeddable":true,"href":"https:\/\/agora.xtec.cat\/escolamestralvilanova\/wp-json\/wp\/v2\/tags?post=1214"}],"curies":[{"name":"wp","href":"https:\/\/api.w.org\/{rel}","templated":true}]}}