{"id":1208,"date":"2019-02-22T12:39:24","date_gmt":"2019-02-22T11:39:24","guid":{"rendered":"http:\/\/agora.xtec.cat\/escolamestralvilanova\/?p=1208"},"modified":"2019-02-22T17:54:53","modified_gmt":"2019-02-22T16:54:53","slug":"llegim-els-secrets-de-la-seu-vella","status":"publish","type":"post","link":"https:\/\/agora.xtec.cat\/escolamestralvilanova\/portada\/llegim-els-secrets-de-la-seu-vella\/","title":{"rendered":"LLEGIM: ELS SECRETS DE LA SEU VELLA!"},"content":{"rendered":"<p>Els alumnes de 4t, per tal de preparar-nos la sortida de la setmana vinent en la qual visitarem la Seu Vella de Lleida, hem iniciat la lectura de la col\u00b7lecci\u00f3 <em>Els secrets de la Seu Vella.<\/em><\/p>\n<p>Aquesta col\u00b7lecci\u00f3 t\u00e9 com a objectiu apropar els infants i donar-los a con\u00e8ixer el monument m\u00e9s emblem\u00e0tic de les terres de Lleida.<\/p>\n<p>Aquesta col\u00b7lecci\u00f3 fa un recorregut per les etapes constructives de la catedral, oficis de l&#8217;\u00e8poca i aspectes relacionats amb la ciutat antiga. Consta de 7 llibres que llegirem al llarg dels propers dies.<\/p>\n<p>Estem molts engrescats amb aquesta lectura amb la que aprendrem moltes coses que no sab\u00edem!<\/p>\n<ul>\n<li><a href=\"https:\/\/photos.app.goo.gl\/LiG4Und3tLTHLEe18\">ENLLA\u00c7 A LES FOTOGRAFIES<\/a><\/li>\n<\/ul>\n<p><img loading=\"lazy\" decoding=\"async\" class=\"irc_mi\" src=\"http:\/\/bp1.blogger.com\/_m0umMcwJGzk\/SIgzvYuSQ8I\/AAAAAAAAAGk\/LBn4btK5oQ4\/s640\/elssecretsdelaseuvella.jpg\" alt=\"Imatge relacionada\" width=\"331\" height=\"353\" \/><\/p>\n<p>&nbsp;<\/p>\n","protected":false},"excerpt":{"rendered":"<p>Els alumnes de 4t, per tal de preparar-nos la sortida de la setmana vinent en la qual visitarem la Seu Vella de Lleida, hem iniciat la lectura de la col\u00b7lecci\u00f3 Els secrets de la Seu Vella.<br \/>\nAquesta col\u00b7lecci\u00f3 t\u00e9 com a objectiu apropar els infants i&hellip;  <a href=\"https:\/\/agora.xtec.cat\/escolamestralvilanova\/portada\/llegim-els-secrets-de-la-seu-vella\/\" title=\"Read LLEGIM: ELS SECRETS DE LA SEU VELLA!\">Llegeix m\u00e9s\u00bb<\/a><\/p>\n","protected":false},"author":6,"featured_media":0,"comment_status":"open","ping_status":"closed","sticky":false,"template":"","format":"standard","meta":{"_bbp_topic_count":0,"_bbp_reply_count":0,"_bbp_total_topic_count":0,"_bbp_total_reply_count":0,"_bbp_voice_count":0,"_bbp_anonymous_reply_count":0,"_bbp_topic_count_hidden":0,"_bbp_reply_count_hidden":0,"_bbp_forum_subforum_count":0,"footnotes":""},"categories":[13,52,4],"tags":[],"class_list":["post-1208","post","type-post","status-publish","format-standard","hentry","category-cinque","category-llegim","category-portada"],"post_mailing_queue_ids":[],"_links":{"self":[{"href":"https:\/\/agora.xtec.cat\/escolamestralvilanova\/wp-json\/wp\/v2\/posts\/1208","targetHints":{"allow":["GET"]}}],"collection":[{"href":"https:\/\/agora.xtec.cat\/escolamestralvilanova\/wp-json\/wp\/v2\/posts"}],"about":[{"href":"https:\/\/agora.xtec.cat\/escolamestralvilanova\/wp-json\/wp\/v2\/types\/post"}],"author":[{"embeddable":true,"href":"https:\/\/agora.xtec.cat\/escolamestralvilanova\/wp-json\/wp\/v2\/users\/6"}],"replies":[{"embeddable":true,"href":"https:\/\/agora.xtec.cat\/escolamestralvilanova\/wp-json\/wp\/v2\/comments?post=1208"}],"version-history":[{"count":2,"href":"https:\/\/agora.xtec.cat\/escolamestralvilanova\/wp-json\/wp\/v2\/posts\/1208\/revisions"}],"predecessor-version":[{"id":1213,"href":"https:\/\/agora.xtec.cat\/escolamestralvilanova\/wp-json\/wp\/v2\/posts\/1208\/revisions\/1213"}],"wp:attachment":[{"href":"https:\/\/agora.xtec.cat\/escolamestralvilanova\/wp-json\/wp\/v2\/media?parent=1208"}],"wp:term":[{"taxonomy":"category","embeddable":true,"href":"https:\/\/agora.xtec.cat\/escolamestralvilanova\/wp-json\/wp\/v2\/categories?post=1208"},{"taxonomy":"post_tag","embeddable":true,"href":"https:\/\/agora.xtec.cat\/escolamestralvilanova\/wp-json\/wp\/v2\/tags?post=1208"}],"curies":[{"name":"wp","href":"https:\/\/api.w.org\/{rel}","templated":true}]}}