{"id":1186,"date":"2019-02-15T18:23:44","date_gmt":"2019-02-15T17:23:44","guid":{"rendered":"http:\/\/agora.xtec.cat\/escolamestralvilanova\/?p=1186"},"modified":"2019-03-13T16:47:28","modified_gmt":"2019-03-13T15:47:28","slug":"ens-visita-el-pare-del-santi","status":"publish","type":"post","link":"https:\/\/agora.xtec.cat\/escolamestralvilanova\/portada\/ens-visita-el-pare-del-santi\/","title":{"rendered":"ENS VISITA EL PARE DEL SANTI"},"content":{"rendered":"<p>Avui hem tingut la sort de rebre la visita del pare del Santi!<\/p>\n<p>Aquesta visita ens ha perm\u00e8s aprendre moltes coses que no sab\u00edem sobre el tractament de l&#8217;aigua i la import\u00e0ncia de prendre consci\u00e8ncia sobre la seva gran rellev\u00e0ncia en el nostre dia a dia.<\/p>\n<p>Tamb\u00e9 li hem pogut formular tot tipus de preguntes sobre el seu ofici i ens ha agradat molt tot el que hem pogut aprendre.<\/p>\n<p>Moltes gr\u00e0cies!<\/p>\n<ul>\n<li><a href=\"https:\/\/photos.app.goo.gl\/BkgXJjebjaSe1yrc9\">ENLLA\u00c7 A LES FOTOGRAFIES<\/a><\/li>\n<\/ul>\n<p><a href=\"https:\/\/agora.xtec.cat\/escolamestralvilanova\/wp-content\/uploads\/usu729\/2019\/02\/IMG_9215.jpg\"><img loading=\"lazy\" decoding=\"async\" class=\"alignnone size-medium wp-image-1187\" src=\"https:\/\/agora.xtec.cat\/escolamestralvilanova\/wp-content\/uploads\/usu729\/2019\/02\/IMG_9215-300x225.jpg\" alt=\"\" width=\"300\" height=\"225\" srcset=\"https:\/\/agora.xtec.cat\/escolamestralvilanova\/wp-content\/uploads\/usu729\/2019\/02\/IMG_9215-300x225.jpg 300w, https:\/\/agora.xtec.cat\/escolamestralvilanova\/wp-content\/uploads\/usu729\/2019\/02\/IMG_9215-768x576.jpg 768w, https:\/\/agora.xtec.cat\/escolamestralvilanova\/wp-content\/uploads\/usu729\/2019\/02\/IMG_9215-1024x768.jpg 1024w, https:\/\/agora.xtec.cat\/escolamestralvilanova\/wp-content\/uploads\/usu729\/2019\/02\/IMG_9215-200x150.jpg 200w, https:\/\/agora.xtec.cat\/escolamestralvilanova\/wp-content\/uploads\/usu729\/2019\/02\/IMG_9215.jpg 2000w\" sizes=\"auto, (max-width: 300px) 100vw, 300px\" \/><\/a><\/p>\n","protected":false},"excerpt":{"rendered":"<p>Avui hem tingut la sort de rebre la visita del pare del Santi!<br \/>\nAquesta visita ens ha perm\u00e8s aprendre moltes coses que no sab\u00edem sobre el tractament de l&#8217;aigua i la import\u00e0ncia de prendre consci\u00e8ncia sobre la seva gran rellev\u00e0ncia en el nostre dia a dia.<br \/>\nTamb\u00e9&hellip;  <a href=\"https:\/\/agora.xtec.cat\/escolamestralvilanova\/portada\/ens-visita-el-pare-del-santi\/\" title=\"Read ENS VISITA EL PARE DEL SANTI\">Llegeix m\u00e9s\u00bb<\/a><\/p>\n","protected":false},"author":1,"featured_media":1170,"comment_status":"open","ping_status":"closed","sticky":false,"template":"","format":"standard","meta":{"_bbp_topic_count":0,"_bbp_reply_count":0,"_bbp_total_topic_count":0,"_bbp_total_reply_count":0,"_bbp_voice_count":0,"_bbp_anonymous_reply_count":0,"_bbp_topic_count_hidden":0,"_bbp_reply_count_hidden":0,"_bbp_forum_subforum_count":0,"footnotes":""},"categories":[15,54,57,4],"tags":[],"class_list":["post-1186","post","type-post","status-publish","format-standard","has-post-thumbnail","hentry","category-cicle-superior","category-fer","category-espai-families","category-portada"],"post_mailing_queue_ids":[],"_links":{"self":[{"href":"https:\/\/agora.xtec.cat\/escolamestralvilanova\/wp-json\/wp\/v2\/posts\/1186","targetHints":{"allow":["GET"]}}],"collection":[{"href":"https:\/\/agora.xtec.cat\/escolamestralvilanova\/wp-json\/wp\/v2\/posts"}],"about":[{"href":"https:\/\/agora.xtec.cat\/escolamestralvilanova\/wp-json\/wp\/v2\/types\/post"}],"author":[{"embeddable":true,"href":"https:\/\/agora.xtec.cat\/escolamestralvilanova\/wp-json\/wp\/v2\/users\/1"}],"replies":[{"embeddable":true,"href":"https:\/\/agora.xtec.cat\/escolamestralvilanova\/wp-json\/wp\/v2\/comments?post=1186"}],"version-history":[{"count":2,"href":"https:\/\/agora.xtec.cat\/escolamestralvilanova\/wp-json\/wp\/v2\/posts\/1186\/revisions"}],"predecessor-version":[{"id":1190,"href":"https:\/\/agora.xtec.cat\/escolamestralvilanova\/wp-json\/wp\/v2\/posts\/1186\/revisions\/1190"}],"wp:featuredmedia":[{"embeddable":true,"href":"https:\/\/agora.xtec.cat\/escolamestralvilanova\/wp-json\/wp\/v2\/media\/1170"}],"wp:attachment":[{"href":"https:\/\/agora.xtec.cat\/escolamestralvilanova\/wp-json\/wp\/v2\/media?parent=1186"}],"wp:term":[{"taxonomy":"category","embeddable":true,"href":"https:\/\/agora.xtec.cat\/escolamestralvilanova\/wp-json\/wp\/v2\/categories?post=1186"},{"taxonomy":"post_tag","embeddable":true,"href":"https:\/\/agora.xtec.cat\/escolamestralvilanova\/wp-json\/wp\/v2\/tags?post=1186"}],"curies":[{"name":"wp","href":"https:\/\/api.w.org\/{rel}","templated":true}]}}