{"id":1172,"date":"2019-02-14T09:22:51","date_gmt":"2019-02-14T08:22:51","guid":{"rendered":"http:\/\/agora.xtec.cat\/escolamestralvilanova\/?p=1172"},"modified":"2019-02-14T09:23:23","modified_gmt":"2019-02-14T08:23:23","slug":"segon-dia-dexperiments","status":"publish","type":"post","link":"https:\/\/agora.xtec.cat\/escolamestralvilanova\/infantil\/segon-dia-dexperiments\/","title":{"rendered":"SEGON DIA D&#8217;EXPERIMENTS!"},"content":{"rendered":"<p>El dimecres 13 de febrer, a la mateixa hora, est\u00e0vem desitjosos de veure nous experiments!<\/p>\n<p>En aquesta ocasi\u00f3, els hi tocava als alumnes de Cicle Inicial. Aix\u00ed que distribu\u00efts per l&#8217;escola en 5 espais diferents, vam poder aprendre moltes coses noves dels experiments que ens van mostrar:<\/p>\n<ul>\n<li>Capes de l\u00edquids<\/li>\n<li>Barreges<\/li>\n<li>Colorant i llet<\/li>\n<li>L&#8217;aigua de colors<\/li>\n<li>L&#8217;aire i l&#8217;aigua<\/li>\n<li>Qu\u00e8 pesa m\u00e9s l&#8217;aigua salada o l&#8217;aigua dol\u00e7a?<\/li>\n<li>La densitat de l&#8217;aigua<\/li>\n<li>La bossa m\u00e0gica<\/li>\n<li>Reaccions de l&#8217;aigua<\/li>\n<li>L&#8217;aigua que camina buscant el nord<\/li>\n<li>La qu\u00edmica de l&#8217;aigua<\/li>\n<\/ul>\n<p>Ens va agradar molt\u00edssim!!! Ho van fer molt i molt b\u00e9!<\/p>\n<ul>\n<li><a href=\"https:\/\/photos.app.goo.gl\/3bxawAahfsLtEsGeA\">ENLLA\u00c7 A LES FOTOGRAFIES<\/a><\/li>\n<\/ul>\n<p><a href=\"https:\/\/agora.xtec.cat\/escolamestralvilanova\/wp-content\/uploads\/usu729\/2019\/02\/IMG_9074.jpg\"><img loading=\"lazy\" decoding=\"async\" class=\"alignnone size-medium wp-image-1173\" src=\"https:\/\/agora.xtec.cat\/escolamestralvilanova\/wp-content\/uploads\/usu729\/2019\/02\/IMG_9074-300x225.jpg\" alt=\"\" width=\"300\" height=\"225\" srcset=\"https:\/\/agora.xtec.cat\/escolamestralvilanova\/wp-content\/uploads\/usu729\/2019\/02\/IMG_9074-300x225.jpg 300w, https:\/\/agora.xtec.cat\/escolamestralvilanova\/wp-content\/uploads\/usu729\/2019\/02\/IMG_9074-768x576.jpg 768w, https:\/\/agora.xtec.cat\/escolamestralvilanova\/wp-content\/uploads\/usu729\/2019\/02\/IMG_9074-1024x768.jpg 1024w, https:\/\/agora.xtec.cat\/escolamestralvilanova\/wp-content\/uploads\/usu729\/2019\/02\/IMG_9074-200x150.jpg 200w\" sizes=\"auto, (max-width: 300px) 100vw, 300px\" \/><\/a><\/p>\n","protected":false},"excerpt":{"rendered":"<p>El dimecres 13 de febrer, a la mateixa hora, est\u00e0vem desitjosos de veure nous experiments!<br \/>\nEn aquesta ocasi\u00f3, els hi tocava als alumnes de Cicle Inicial. Aix\u00ed que distribu\u00efts per l&#8217;escola en 5 espais diferents, vam poder aprendre moltes coses noves dels experiments que ens van&hellip;  <a href=\"https:\/\/agora.xtec.cat\/escolamestralvilanova\/infantil\/segon-dia-dexperiments\/\" title=\"Read SEGON DIA D&#8217;EXPERIMENTS!\">Llegeix m\u00e9s\u00bb<\/a><\/p>\n","protected":false},"author":1,"featured_media":1170,"comment_status":"open","ping_status":"closed","sticky":false,"template":"","format":"standard","meta":{"_bbp_topic_count":0,"_bbp_reply_count":0,"_bbp_total_topic_count":0,"_bbp_total_reply_count":0,"_bbp_voice_count":0,"_bbp_anonymous_reply_count":0,"_bbp_topic_count_hidden":0,"_bbp_reply_count_hidden":0,"_bbp_forum_subforum_count":0,"footnotes":""},"categories":[13,11,12,15,3,14,8,9,10,23,2,4,5],"tags":[],"class_list":["post-1172","post","type-post","status-publish","format-standard","has-post-thumbnail","hentry","category-cinque","category-cicle-inicial","category-tercer-quart","category-cicle-superior","category-ei3-ei4-ei5","category-ei1-ei2","category-ei4","category-ei5","category-ei5-primer","category-escola-verda","category-infantil","category-portada","category-primaria"],"post_mailing_queue_ids":[],"_links":{"self":[{"href":"https:\/\/agora.xtec.cat\/escolamestralvilanova\/wp-json\/wp\/v2\/posts\/1172","targetHints":{"allow":["GET"]}}],"collection":[{"href":"https:\/\/agora.xtec.cat\/escolamestralvilanova\/wp-json\/wp\/v2\/posts"}],"about":[{"href":"https:\/\/agora.xtec.cat\/escolamestralvilanova\/wp-json\/wp\/v2\/types\/post"}],"author":[{"embeddable":true,"href":"https:\/\/agora.xtec.cat\/escolamestralvilanova\/wp-json\/wp\/v2\/users\/1"}],"replies":[{"embeddable":true,"href":"https:\/\/agora.xtec.cat\/escolamestralvilanova\/wp-json\/wp\/v2\/comments?post=1172"}],"version-history":[{"count":2,"href":"https:\/\/agora.xtec.cat\/escolamestralvilanova\/wp-json\/wp\/v2\/posts\/1172\/revisions"}],"predecessor-version":[{"id":1175,"href":"https:\/\/agora.xtec.cat\/escolamestralvilanova\/wp-json\/wp\/v2\/posts\/1172\/revisions\/1175"}],"wp:featuredmedia":[{"embeddable":true,"href":"https:\/\/agora.xtec.cat\/escolamestralvilanova\/wp-json\/wp\/v2\/media\/1170"}],"wp:attachment":[{"href":"https:\/\/agora.xtec.cat\/escolamestralvilanova\/wp-json\/wp\/v2\/media?parent=1172"}],"wp:term":[{"taxonomy":"category","embeddable":true,"href":"https:\/\/agora.xtec.cat\/escolamestralvilanova\/wp-json\/wp\/v2\/categories?post=1172"},{"taxonomy":"post_tag","embeddable":true,"href":"https:\/\/agora.xtec.cat\/escolamestralvilanova\/wp-json\/wp\/v2\/tags?post=1172"}],"curies":[{"name":"wp","href":"https:\/\/api.w.org\/{rel}","templated":true}]}}